{"id":628564,"date":"2025-12-29T22:24:12","date_gmt":"2025-12-29T22:24:12","guid":{"rendered":"https:\/\/www.europesays.com\/fr\/628564\/"},"modified":"2025-12-29T22:24:12","modified_gmt":"2025-12-29T22:24:12","slug":"george-clooney-sa-femme-et-ses-enfants-sont-devenus-francais","status":"publish","type":"post","link":"https:\/\/www.europesays.com\/fr\/628564\/","title":{"rendered":"George Clooney, sa femme et ses enfants sont devenus fran\u00e7ais"},"content":{"rendered":"<p class=\"ap-StoryElement ap-StoryElement--mb ap-StoryText\">Il aime la France, le dit \u00e0 longueur d&rsquo;interview et le prouve. George Clooney a \u00e9t\u00e9 naturalis\u00e9 fran\u00e7ais selon le d\u00e9cret du 26\u00a0d\u00e9cembre 2025 publi\u00e9 le 27\u00a0d\u00e9cembre au Journal officiel \u00ab\u00a0portant naturalisation, r\u00e9int\u00e9gration, mention d&rsquo;enfants mineurs b\u00e9n\u00e9ficiant de l&rsquo;effet collectif attach\u00e9 \u00e0 l&rsquo;acquisition de la nationalit\u00e9 fran\u00e7aise par leurs parents, francisation de noms et de pr\u00e9noms et lib\u00e9ration de l&rsquo;all\u00e9geance fran\u00e7aise\u00a0\u00bb.<\/p>\n<p class=\"ap-StoryElement ap-StoryElement--mb ap-StoryText\">Dans le d\u00e9tail, George Clooney, n\u00e9 le 06\/05\/1961 \u00e0 Lexington, \u00c9tat du Kentucky (\u00c9tats-Unis), a \u00e9t\u00e9 naturalis\u00e9 comme ses enfants\u00a0: Alexander et Ella (n\u00e9s le 06\/06\/2017 \u00e0 Westminster, Londres). Mais aussi sa femme, Amal Alamuddin, n\u00e9e le 03\/02\/1978 \u00e0 Beyrouth (Liban).<\/p>\n","protected":false},"excerpt":{"rendered":"Il aime la France, le dit \u00e0 longueur d&rsquo;interview et le prouve. George Clooney a \u00e9t\u00e9 naturalis\u00e9 fran\u00e7ais&hellip;\n","protected":false},"author":2,"featured_media":628565,"comment_status":"","ping_status":"","sticky":false,"template":"","format":"standard","meta":{"footnotes":""},"categories":[1359],"tags":[45404,58,59,1011,3844,27,6054,73788,973],"class_list":{"0":"post-628564","1":"post","2":"type-post","3":"status-publish","4":"format-standard","5":"has-post-thumbnail","7":"category-people","8":"tag-amal-clooney","9":"tag-divertissement","10":"tag-entertainment","11":"tag-fr","12":"tag-francais","13":"tag-france","14":"tag-george-clooney","15":"tag-naturalise","16":"tag-people"},"share_on_mastodon":{"url":"https:\/\/pubeurope.com\/@fr\/115805202932916740","error":""},"_links":{"self":[{"href":"https:\/\/www.europesays.com\/fr\/wp-json\/wp\/v2\/posts\/628564","targetHints":{"allow":["GET"]}}],"collection":[{"href":"https:\/\/www.europesays.com\/fr\/wp-json\/wp\/v2\/posts"}],"about":[{"href":"https:\/\/www.europesays.com\/fr\/wp-json\/wp\/v2\/types\/post"}],"author":[{"embeddable":true,"href":"https:\/\/www.europesays.com\/fr\/wp-json\/wp\/v2\/users\/2"}],"replies":[{"embeddable":true,"href":"https:\/\/www.europesays.com\/fr\/wp-json\/wp\/v2\/comments?post=628564"}],"version-history":[{"count":0,"href":"https:\/\/www.europesays.com\/fr\/wp-json\/wp\/v2\/posts\/628564\/revisions"}],"wp:featuredmedia":[{"embeddable":true,"href":"https:\/\/www.europesays.com\/fr\/wp-json\/wp\/v2\/media\/628565"}],"wp:attachment":[{"href":"https:\/\/www.europesays.com\/fr\/wp-json\/wp\/v2\/media?parent=628564"}],"wp:term":[{"taxonomy":"category","embeddable":true,"href":"https:\/\/www.europesays.com\/fr\/wp-json\/wp\/v2\/categories?post=628564"},{"taxonomy":"post_tag","embeddable":true,"href":"https:\/\/www.europesays.com\/fr\/wp-json\/wp\/v2\/tags?post=628564"}],"curies":[{"name":"wp","href":"https:\/\/api.w.org\/{rel}","templated":true}]}}