{"id":628566,"date":"2025-12-29T22:25:11","date_gmt":"2025-12-29T22:25:11","guid":{"rendered":"https:\/\/www.europesays.com\/fr\/628566\/"},"modified":"2025-12-29T22:25:11","modified_gmt":"2025-12-29T22:25:11","slug":"a-29-ans-claire-lebreton-vient-de-creer-son-agence-darchitecte-dans-le-nord-sarthe","status":"publish","type":"post","link":"https:\/\/www.europesays.com\/fr\/628566\/","title":{"rendered":"A 29 ans, Claire Lebreton vient de cr\u00e9er son agence d&rsquo;architecte dans le nord Sarthe"},"content":{"rendered":"<p>                    Par<br \/>\n        <strong><br \/>\n            <a href=\"https:\/\/actu.fr\/auteur\/chafik-aouni\" title=\"Consulter tous les articles de Chafik Aouni\" target=\"_blank\" rel=\"noopener\">Chafik Aouni<\/a><br \/>\n                    <\/strong><\/p>\n<p>        Publi\u00e9 le<\/p>\n<p>            29 d\u00e9c. 2025 \u00e0 6h20        <\/p>\n<p>\u00ab Je propose<b> une architecture porteuse de sens<\/b>, li\u00e9e \u00e0 son territoire, sobre et respectueuse des ressources disponibles. Ma d\u00e9marche consiste \u00e0 valoriser l\u2019existant qu\u2019il s\u2019agisse du b\u00e2ti ou des ressources locales, mat\u00e9rielles ou immat\u00e9rielles \u00bb, annonce la couleur Claire Lebreton soucieuse de porter des \u00ab projets justes, pertinents et durables \u00bb.<br \/>Architecte<b> dipl\u00f4m\u00e9e de l\u2019\u00c9cole Nationale Sup\u00e9rieure d\u2019Architecture de Grenoble (ENSAG) <\/b>en 2020, la Mont-Saint-Jeannaise vient d\u2019ouvrir son agence s\u2019intitulant Lebreton Architecte \u00e0 <a href=\"https:\/\/actu.fr\/pays-de-la-loire\/sille-le-guillaume_72334\" target=\"_blank\" rel=\"noopener\">Sill\u00e9-le-Guillaume<\/a> (<a href=\"https:\/\/actu.fr\/pays-de-la-loire\/sarthe_72\" target=\"_blank\" rel=\"noopener\">Sarthe<\/a>), dans l\u2019espace de coworking.<\/p>\n<p>Contribuer \u00e0 la valorisation du patrimoine du territoire<\/p>\n<p class=\" wall-content\">Elle a d\u2019abord travaill\u00e9 2 ans au sein de l\u2019agence Comp\u00e8re &amp; Cie, \u00e0 Quimperl\u00e9, en Bretagne. Elle est retourn\u00e9e vivre \u00e0 Grenoble pour passer son Habilitation \u00e0 la Ma\u00eetrise d\u2019Ouvre en son Nom Propre (HMONP) tout en exer\u00e7ant chez Groupe-6 architectes. \u00c0 la fin de son dernier contrat, elle a d\u00e9cid\u00e9 de cr\u00e9er son agence d\u2019architecture. \u00ab Passionn\u00e9e par l\u2019architecture, j\u2019ai souhait\u00e9 cr\u00e9er ma propre agence, qui me ressemble, align\u00e9e avec mes valeurs : <b>sobri\u00e9t\u00e9, engagement, cr\u00e9ativit\u00e9, \u00e9coute et transparence<\/b>. Originaire de Mont-Saint-Jean, m\u2019installer dans les Alpes mancelles \u00e9tait une \u00e9vidence. J\u2019ai \u00e0 c\u0153ur de contribuer \u00e0 la valorisation du patrimoine b\u00e2ti et paysager de ce territoire, participer \u00e0 l\u2019\u00e9conomie locale et lutter contre la d\u00e9sertification des zones rurales en proposant un accompagnement de proximit\u00e9 \u00bb.<\/p>\n<p>Accompagnement de l\u2019esquisse \u00e0 la livraison<\/p>\n<p class=\" wall-content\">Claire Lebreton veut accompagner les collectivit\u00e9s, <b>les entreprises et habitants du territoire<\/b> tout au long de leurs projets, \u00ab de l\u2019esquisse \u00e0 la livraison \u00bb, et sur tous types de programmes : r\u00e9novation, extensions, constructions neuves ou am\u00e9nagements int\u00e9rieurs. \u00ab Mon approche s\u2019appuie sur les principes du bio climatisme et de la sobri\u00e9t\u00e9 constructive \u00bb. Comprenez par l\u00e0 qu\u2019elle veut cr\u00e9er des \u00ab b\u00e2timents confortables, \u00e9conomes et durables \u00bb, tout en \u00ab valorisant les ressources locales et les savoir-faire du territoire \u00bb.<\/p>\n<p class=\" wall-content\">Install\u00e9e dans l\u2019espace de coworking de Sill\u00e9-le-Guillaume, Claire Lebreton intervient dans un rayon de 1h30 couvrant une grande partie des d\u00e9partements de la Sarthe, de la Mayenne et de l\u2019Orne.<\/p>\n<p>Lebreton Architecte, fond\u00e9e par Claire Lebreton, Architecte DE-HMONP. Lieu d\u2019activit\u00e9 : espace de coworking de Sill\u00e9-le-Guillaume, 30 rue du Dr Touchard. Si\u00e8ge social : La Vall\u00e9e \u00e0 Mont-Saint-Jean. T\u00e9l. : 06.78.10.94.64. Fonctionnement sur rendez-vous pour l\u2019installant.<\/p>\n<p class=\" wall-content\">Personnalisez votre actualit\u00e9 en ajoutant vos villes et m\u00e9dias en favori avec <a href=\"https:\/\/moncompte.actu.fr\" title=\"D\u00e9couvez Mon Actu\" rel=\"nofollow noopener\" data-trk=\"{&quot;cta&quot;:{&quot;action&quot;:&quot;https:\\\/\\\/moncompte.actu.fr&quot;,&quot;category&quot;:&quot;mon compte&quot;,&quot;from&quot;:&quot;article footer&quot;,&quot;name&quot;:&quot;Mon actu&quot;,&quot;type&quot;:&quot;cta&quot;}}\" target=\"_blank\">Mon Actu<\/a>.<\/p>\n","protected":false},"excerpt":{"rendered":"Par Chafik Aouni Publi\u00e9 le 29 d\u00e9c. 2025 \u00e0 6h20 \u00ab Je propose une architecture porteuse de sens,&hellip;\n","protected":false},"author":2,"featured_media":628567,"comment_status":"","ping_status":"","sticky":false,"template":"","format":"standard","meta":{"footnotes":""},"categories":[1358],"tags":[1348,1384,1385,1386,58,59,1011,27,104],"class_list":{"0":"post-628566","1":"post","2":"type-post","3":"status-publish","4":"format-standard","5":"has-post-thumbnail","7":"category-arts-et-design","8":"tag-arts","9":"tag-arts-and-design","10":"tag-arts-et-design","11":"tag-design","12":"tag-divertissement","13":"tag-entertainment","14":"tag-fr","15":"tag-france","16":"tag-societe"},"share_on_mastodon":{"url":"https:\/\/pubeurope.com\/@fr\/115805206793990732","error":""},"_links":{"self":[{"href":"https:\/\/www.europesays.com\/fr\/wp-json\/wp\/v2\/posts\/628566","targetHints":{"allow":["GET"]}}],"collection":[{"href":"https:\/\/www.europesays.com\/fr\/wp-json\/wp\/v2\/posts"}],"about":[{"href":"https:\/\/www.europesays.com\/fr\/wp-json\/wp\/v2\/types\/post"}],"author":[{"embeddable":true,"href":"https:\/\/www.europesays.com\/fr\/wp-json\/wp\/v2\/users\/2"}],"replies":[{"embeddable":true,"href":"https:\/\/www.europesays.com\/fr\/wp-json\/wp\/v2\/comments?post=628566"}],"version-history":[{"count":0,"href":"https:\/\/www.europesays.com\/fr\/wp-json\/wp\/v2\/posts\/628566\/revisions"}],"wp:featuredmedia":[{"embeddable":true,"href":"https:\/\/www.europesays.com\/fr\/wp-json\/wp\/v2\/media\/628567"}],"wp:attachment":[{"href":"https:\/\/www.europesays.com\/fr\/wp-json\/wp\/v2\/media?parent=628566"}],"wp:term":[{"taxonomy":"category","embeddable":true,"href":"https:\/\/www.europesays.com\/fr\/wp-json\/wp\/v2\/categories?post=628566"},{"taxonomy":"post_tag","embeddable":true,"href":"https:\/\/www.europesays.com\/fr\/wp-json\/wp\/v2\/tags?post=628566"}],"curies":[{"name":"wp","href":"https:\/\/api.w.org\/{rel}","templated":true}]}}