{"id":628568,"date":"2025-12-29T22:27:13","date_gmt":"2025-12-29T22:27:13","guid":{"rendered":"https:\/\/www.europesays.com\/fr\/628568\/"},"modified":"2025-12-29T22:27:13","modified_gmt":"2025-12-29T22:27:13","slug":"stranger-things-saison-5-quand-sort-le-dernier-episode-et-quelle-est-sa-duree","status":"publish","type":"post","link":"https:\/\/www.europesays.com\/fr\/628568\/","title":{"rendered":"Stranger Things saison 5 : Quand sort le dernier \u00e9pisode et quelle est sa dur\u00e9e ?"},"content":{"rendered":"<p>La fin de Stranger Things approche \u00e0 tr\u00e8s grands pas sur Netflix. Apr\u00e8s la diffusion de la partie 2 compos\u00e9 de 3 \u00e9pisodes, il ne reste d\u00e9sormais plus qu&rsquo;un in\u00e9dit \u00e0 d\u00e9couvrir. Voici sa date de sortie sur la plateforme, ainsi que sa dur\u00e9e.<\/p>\n<p>La fin de Stranger Things approche \u00e0 tr\u00e8s grands pas. Pr\u00e8s d&rsquo;un mois apr\u00e8s la diffusion des quatre premiers \u00e9pisodes de la saison finale, <a href=\"https:\/\/www.programme-tv.net\/guide-netflix\/\" target=\"_blank\" rel=\"noopener\">Netflix<b> <\/b><\/a>a r\u00e9serv\u00e9 un joli cadeau de No\u00ebl \u00e0 ses millions d&rsquo;abonn\u00e9s. Et ce dernier n&rsquo;\u00e9tait autre que<a href=\"https:\/\/www.programme-tv.net\/news\/series-tv\/303715-stranger-things-saison-5-netflix-date-de-sortie-synopsis-casting-toutes-les-infos-sur-la-saison-a-venir\/\" data-api-deeplink=\"teleloisirs:\/\/news\/303715\" target=\"_blank\" rel=\"noopener\"> les trois \u00e9pisodes qui composent le volume 2 de la saison 5 de Stranger Things<\/a>, mis en ligne dans la nuit du jeudi 25 au vendredi 26 d\u00e9cembre \u00e0 2 heures du matin. De nouveaux \u00e9pisodes marqu\u00e9s par<a href=\"https:\/\/www.programme-tv.net\/news\/series-tv\/305126-stranger-things-netflix-ou-est-passe-vecna-que-va-devenir-max-toutes-les-questions-que-lon-se-pose-a-la-fin-de-la-saison-quatre-spoilers\/\" data-api-deeplink=\"teleloisirs:\/\/news\/305126\" target=\"_blank\" rel=\"noopener\"> le retour inesp\u00e9r\u00e9 de Max<\/a>. Eh oui ! Apr\u00e8s deux ans de coma, la jeune fille, incarn\u00e9e par <a href=\"https:\/\/www.programme-tv.net\/biographie\/364935-sink-sadie\/\" data-link-people=\"adf165d3-def9-4433-8cac-906c8199fde7\" target=\"_blank\" rel=\"noopener\">Sadie Sink<\/a>, ouvre enfin les yeux et d\u00e9couvre Lucas Sinclair \u00e0 ses c\u00f4t\u00e9s. Des retrouvailles \u00e9mouvantes pour ceux qui avaient pr\u00e9c\u00e9demment rompu \u00e0 l&rsquo;aube de <a href=\"https:\/\/www.programme-tv.net\/news\/series-tv\/390904-stranger-things-saison-5-la-guerre-contre-vecna-est-declaree-dans-la-bande-annonce-epique\/\" data-api-deeplink=\"teleloisirs:\/\/news\/390904\" target=\"_blank\" rel=\"noopener\">leur ultime bataille contre Vecna<\/a>. En plus du retour \u00e0 la vie de Max, les fans de Stranger Things ont enfin appris ce que la cr\u00e9ature, n\u00e9e sous le nom d&rsquo;Henry Creel, mijotait. Celle-ci souhaite remodeler le monde en fusionnant la ville d&rsquo;Hawkins avec <a href=\"https:\/\/www.programme-tv.net\/news\/series-tv\/394814-stranger-things-saison-5-avez-vous-tout-compris-de-lorigine-de-lupside-down-et-de-labysse-les-revelations-de-la-partie-2-expliquees-par-les-createurs\/\" data-api-deeplink=\"teleloisirs:\/\/news\/394814\" target=\"_blank\" rel=\"noopener\">une autre dimension appel\u00e9e l&rsquo;Abysse<\/a>. Pour ce faire, le monstre a besoin de douze enfants qu&rsquo;il consid\u00e8re comme des \u00ab\u00a0r\u00e9ceptacles parfaits\u00a0\u00bb car faciles \u00e0 contr\u00f4ler.<\/p>\n<p>Tr\u00e8s impatients \u00e0 l&rsquo;id\u00e9e de d\u00e9couvrir les trois autres \u00e9pisodes de la saison 5 de Stranger Things, les abonn\u00e9s de Netflix ont finalement \u00e9t\u00e9 d\u00e9\u00e7us et ils n&rsquo;ont pas manqu\u00e9 de le faire savoir sur les r\u00e9seaux sociaux. Si certains internautes ont exprim\u00e9 leur amour pour la s\u00e9rie apr\u00e8s avoir visionn\u00e9 le volume 2, d&rsquo;autres en revanche n&rsquo;ont pas \u00e9t\u00e9 tellement convaincus et ont notamment point\u00e9 du doigt le manque d&rsquo;action. Malgr\u00e9 la profonde d\u00e9ception, les fans de la premi\u00e8re heure attendent avec impatience le grand final de Stranger Things, qui n&rsquo;arrivera que le jeudi 1er janvier 2026 \u00e0 2 heures du matin. Pour f\u00eater la fin de la s\u00e9rie, l&rsquo;\u00e9pisode 8 intitul\u00e9 \u00ab\u00a0The Rightside Up\u00a0\u00bb, soit \u00ab\u00a0Le Monde \u00e0 l&rsquo;endroit\u00a0\u00bb, sera projet\u00e9 dans plus de 500 cin\u00e9mas aux \u00c9tats-Unis et au Canada entre le 31 d\u00e9cembre \u00e0 17h et l&rsquo;ensemble de la journ\u00e9e du 1er janvier 2026. En France, les fans devront se contenter de sa diffusion sur Netflix.<\/p>\n<p>            <b>L&rsquo;\u00e9pisode final de <\/b><b>Stranger Things<\/b><b> sera le plus long de la saison 5<\/b><\/p>\n<p>Pour conclure Stranger Things en beaut\u00e9, le g\u00e9ant du streaming n&rsquo;a rien trouv\u00e9 de mieux que de diffuser l&rsquo;\u00e9pisode final le jour du Nouvel An. Pr\u00e9vue pour le 1er janvier 2026, la conclusion durera un peu plus longtemps que les autres \u00e9pisodes pr\u00e9c\u00e9demment mis en ligne. Comme le pr\u00e9cise <a href=\"https:\/\/www.netflix.com\/tudum\/articles\/stranger-things-finale-episode-length\" target=\"_blank\" rel=\"noopener\">Tudum<\/a>, l&rsquo;ultime chapitre durera 2 heures et 8 minutes et marquera la fin des aventures des adolescents d&rsquo;Hawkins.<\/p>\n<p>Article \u00e9crit en collaboration avec 6M\u00e9dias<\/p>\n","protected":false},"excerpt":{"rendered":"La fin de Stranger Things approche \u00e0 tr\u00e8s grands pas sur Netflix. Apr\u00e8s la diffusion de la partie&hellip;\n","protected":false},"author":2,"featured_media":628569,"comment_status":"","ping_status":"","sticky":false,"template":"","format":"standard","meta":{"footnotes":""},"categories":[1356],"tags":[1409,244,58,59,1011,27,47200,127,1722,19536,40852,1721,129,252,1364],"class_list":{"0":"post-628568","1":"post","2":"type-post","3":"status-publish","4":"format-standard","5":"has-post-thumbnail","7":"category-television","8":"tag-bande-annonce","9":"tag-commentaire","10":"tag-divertissement","11":"tag-entertainment","12":"tag-fr","13":"tag-france","14":"tag-millie-bobby-brown","15":"tag-netflix","16":"tag-pub-streaming-netflix","17":"tag-stranger-things","18":"tag-stranger-things-20478001","19":"tag-su00e9rie-netflix","20":"tag-svod","21":"tag-television","22":"tag-tv"},"share_on_mastodon":{"url":"https:\/\/pubeurope.com\/@fr\/115805214717717128","error":""},"_links":{"self":[{"href":"https:\/\/www.europesays.com\/fr\/wp-json\/wp\/v2\/posts\/628568","targetHints":{"allow":["GET"]}}],"collection":[{"href":"https:\/\/www.europesays.com\/fr\/wp-json\/wp\/v2\/posts"}],"about":[{"href":"https:\/\/www.europesays.com\/fr\/wp-json\/wp\/v2\/types\/post"}],"author":[{"embeddable":true,"href":"https:\/\/www.europesays.com\/fr\/wp-json\/wp\/v2\/users\/2"}],"replies":[{"embeddable":true,"href":"https:\/\/www.europesays.com\/fr\/wp-json\/wp\/v2\/comments?post=628568"}],"version-history":[{"count":0,"href":"https:\/\/www.europesays.com\/fr\/wp-json\/wp\/v2\/posts\/628568\/revisions"}],"wp:featuredmedia":[{"embeddable":true,"href":"https:\/\/www.europesays.com\/fr\/wp-json\/wp\/v2\/media\/628569"}],"wp:attachment":[{"href":"https:\/\/www.europesays.com\/fr\/wp-json\/wp\/v2\/media?parent=628568"}],"wp:term":[{"taxonomy":"category","embeddable":true,"href":"https:\/\/www.europesays.com\/fr\/wp-json\/wp\/v2\/categories?post=628568"},{"taxonomy":"post_tag","embeddable":true,"href":"https:\/\/www.europesays.com\/fr\/wp-json\/wp\/v2\/tags?post=628568"}],"curies":[{"name":"wp","href":"https:\/\/api.w.org\/{rel}","templated":true}]}}