{"id":628580,"date":"2025-12-29T22:33:11","date_gmt":"2025-12-29T22:33:11","guid":{"rendered":"https:\/\/www.europesays.com\/fr\/628580\/"},"modified":"2025-12-29T22:33:11","modified_gmt":"2025-12-29T22:33:11","slug":"la-sortie-de-la-ps6-pourrait-etre-repoussee-la-faute-a-lia-et-la-flambee-du-prix-de-la-ram","status":"publish","type":"post","link":"https:\/\/www.europesays.com\/fr\/628580\/","title":{"rendered":"La sortie de la PS6 pourrait \u00eatre repouss\u00e9e, la faute \u00e0 l\u2019IA et la flamb\u00e9e du prix de la RAM"},"content":{"rendered":"<p>Et si les joueurs devaient patienter plus longtemps que pr\u00e9vu ? Alors que la PlayStation 5 approche du cap de ses 7 ans, <a href=\"https:\/\/www.lacremedugaming.fr\/consoles\/playstation\/playstation-6\/la-ps6-aurait-deja-un-probleme-generationnel-que-personne-ne-peut-resoudre-204898.html\" target=\"_blank\" rel=\"noopener\">les regards se tournent logiquement vers sa successeure, la PS6<\/a>. Mais selon un rapport r\u00e9cent relay\u00e9 par le journaliste sp\u00e9cialis\u00e9 Tom Henderson sur Insider Gaming, le planning de sortie de la nouvelle console de Sony pourrait \u00eatre s\u00e9rieusement chamboul\u00e9.<\/p>\n<p>En cause : une envol\u00e9e spectaculaire du co\u00fbt de la m\u00e9moire vive (RAM), un composant indispensable \u00e0 toute console moderne. Ce bouleversement inattendu pourrait forcer les fabricants \u00e0 revoir leur calendrier initial, alors que la date de 2027 semblait jusqu\u2019ici se profiler comme une certitude.<\/p>\n<p> Pourquoi la RAM menace le calendrier de sortie <\/p>\n<p>Le probl\u00e8me ne vient pas directement de Sony, ni de Microsoft. Il s\u2019agit d\u2019un ph\u00e9nom\u00e8ne mondial. La mont\u00e9e en fl\u00e8che de la demande en RAM, dop\u00e9e par les besoins colossaux de l\u2019intelligence artificielle, entra\u00eene des p\u00e9nuries chez les fabricants et une hausse brutale des prix. Selon Insider Gaming, cette situation pourrait non seulement impacter la conception des futures consoles, mais aussi provoquer un recul de leur date de commercialisation.<\/p>\n<p>Les r\u00e9percussions se font d\u00e9j\u00e0 sentir sur la g\u00e9n\u00e9ration actuelle. Sony et Microsoft ont d\u00fb ajuster \u00e0 la hausse le prix de la PS5 et de la Xbox dans plusieurs r\u00e9gions. Une strat\u00e9gie qui a eu des effets ind\u00e9sirables sur les ventes, refroidissant certaines client\u00e8les sensibles \u00e0 la hausse tarifaire. Un pr\u00e9c\u00e9dent que les constructeurs ne souhaitent pas reproduire avec la g\u00e9n\u00e9ration suivante.<\/p>\n<p> Sony et Microsoft confront\u00e9s \u00e0 une \u00e9quation d\u00e9licate <\/p>\n<p>Les co\u00fbts de production ont toujours \u00e9t\u00e9 un facteur cl\u00e9 dans le choix du timing de lancement des consoles. Avec <a href=\"https:\/\/www.lacremedugaming.fr\/actus\/samsung-double-le-prix-de-la-ram-ddr5-et-declenche-une-nouvelle-crise-des-composants-204374.html\" target=\"_blank\" rel=\"noopener\">cette flamb\u00e9e du prix de la RAM,<\/a> les marges de man\u0153uvre financi\u00e8res se r\u00e9duisent. Reporter le lancement pourrait permettre de lisser les co\u00fbts, en attendant une stabilisation des prix ou une mont\u00e9e en capacit\u00e9 des producteurs de m\u00e9moire vive.<\/p>\n<p>Selon Tom Henderson, les industriels seraient aujourd\u2019hui en train de r\u00e9\u00e9valuer l\u2019opportunit\u00e9 de maintenir la fen\u00eatre de sortie initialement pr\u00e9vue. \u00ab\u00a0D\u2019apr\u00e8s ce que nous comprenons, la situation a amen\u00e9 les fabricants de consoles \u00e0 se demander s\u2019il ne faudrait pas reporter la sortie de la prochaine g\u00e9n\u00e9ration de consoles, initialement pr\u00e9vue entre 2027 et 2028, dans l\u2019espoir que les fabricants de RAM soient en mesure de d\u00e9velopper leur infrastructure pour produire davantage de RAM\u00a0\u00bb.<\/p>\n<p> Un cycle de sept ans remis en question pour la PlayStation 6 <\/p>\n<p>Jusqu\u2019ici, Sony avait conserv\u00e9 une r\u00e9gularit\u00e9 presque m\u00e9tronomique dans ses lancements : la PS4 en 2013, la PS5 en 2020. Une logique de cycle de 7 ans que les fans avaient int\u00e9gr\u00e9e comme une norme. Mais cette fois, un facteur externe pourrait tout changer. La d\u00e9pendance \u00e0 un march\u00e9 technologique volatile rend difficile toute pr\u00e9vision \u00e0 long terme.<\/p>\n<p>Si le sc\u00e9nario \u00e9voqu\u00e9 par Insider Gaming se confirme, la PS6 ne verrait le jour qu\u2019en 2028, voire au-del\u00e0. Un d\u00e9lai qui allongerait la dur\u00e9e de vie de la PS5 et pourrait inciter Sony \u00e0 lancer de nouveaux mod\u00e8les interm\u00e9diaires pour faire patienter les joueurs. Reste \u00e0 savoir si cette strat\u00e9gie sera payante sur le long terme, dans un secteur o\u00f9 l\u2019innovation rapide est souvent reine.<\/p>\n","protected":false},"excerpt":{"rendered":"Et si les joueurs devaient patienter plus longtemps que pr\u00e9vu ? Alors que la PlayStation 5 approche du&hellip;\n","protected":false},"author":2,"featured_media":628581,"comment_status":"","ping_status":"","sticky":false,"template":"","format":"standard","meta":{"footnotes":""},"categories":[7],"tags":[1011,27,43,40,41,39,42,44],"class_list":{"0":"post-628580","1":"post","2":"type-post","3":"status-publish","4":"format-standard","5":"has-post-thumbnail","7":"category-sciences-et-technologies","8":"tag-fr","9":"tag-france","10":"tag-science","11":"tag-science-and-technology","12":"tag-sciences","13":"tag-sciences-et-technologies","14":"tag-technologies","15":"tag-technology"},"share_on_mastodon":{"url":"https:\/\/pubeurope.com\/@fr\/115805238389999455","error":""},"_links":{"self":[{"href":"https:\/\/www.europesays.com\/fr\/wp-json\/wp\/v2\/posts\/628580","targetHints":{"allow":["GET"]}}],"collection":[{"href":"https:\/\/www.europesays.com\/fr\/wp-json\/wp\/v2\/posts"}],"about":[{"href":"https:\/\/www.europesays.com\/fr\/wp-json\/wp\/v2\/types\/post"}],"author":[{"embeddable":true,"href":"https:\/\/www.europesays.com\/fr\/wp-json\/wp\/v2\/users\/2"}],"replies":[{"embeddable":true,"href":"https:\/\/www.europesays.com\/fr\/wp-json\/wp\/v2\/comments?post=628580"}],"version-history":[{"count":0,"href":"https:\/\/www.europesays.com\/fr\/wp-json\/wp\/v2\/posts\/628580\/revisions"}],"wp:featuredmedia":[{"embeddable":true,"href":"https:\/\/www.europesays.com\/fr\/wp-json\/wp\/v2\/media\/628581"}],"wp:attachment":[{"href":"https:\/\/www.europesays.com\/fr\/wp-json\/wp\/v2\/media?parent=628580"}],"wp:term":[{"taxonomy":"category","embeddable":true,"href":"https:\/\/www.europesays.com\/fr\/wp-json\/wp\/v2\/categories?post=628580"},{"taxonomy":"post_tag","embeddable":true,"href":"https:\/\/www.europesays.com\/fr\/wp-json\/wp\/v2\/tags?post=628580"}],"curies":[{"name":"wp","href":"https:\/\/api.w.org\/{rel}","templated":true}]}}