{"id":628590,"date":"2025-12-29T22:38:37","date_gmt":"2025-12-29T22:38:37","guid":{"rendered":"https:\/\/www.europesays.com\/fr\/628590\/"},"modified":"2025-12-29T22:38:37","modified_gmt":"2025-12-29T22:38:37","slug":"saint-etienne-un-chauffeur-de-bus-de-la-stas-echappe-a-un-guet-apens","status":"publish","type":"post","link":"https:\/\/www.europesays.com\/fr\/628590\/","title":{"rendered":"Saint-\u00c9tienne : un chauffeur de bus de la Stas \u00e9chappe \u00e0 un guet-apens\u00a0"},"content":{"rendered":"<p>Samedi 27 d\u00e9cembre \u00e0 Saint-\u00c9tienne, un guet-apens a \u00e9t\u00e9 mis en place dans le quartier de Montreynaud. Un chauffeur de bus de la Stas a r\u00e9ussi \u00e0 s&rsquo;extirper de la situation.<\/p>\n<p>Guet-apens \u00e0 <b>Saint-\u00c9tienne<\/b>.<\/p>\n<p>Les faits se sont d\u00e9roul\u00e9s samedi 27 d\u00e9cembre apr\u00e8s-midi dans le quartier de <b>Montreynaud<\/b>.<\/p>\n<p>D&rsquo;apr\u00e8s <a class=\"url\" href=\"https:\/\/www.leprogres.fr\/faits-divers-justice\/2025\/12\/27\/guet-apens-et-bus-caillasse-a-montreynaud\" target=\"_blank\" rel=\"noopener\">Le Progr\u00e8s<\/a>, des poubelles ont \u00e9t\u00e9 plac\u00e9es en travers de la chauss\u00e9e, obligeant un bus de la <b>Stas <\/b>\u00e0 ralentir.\u00a0<\/p>\n<p>Le v\u00e9hicule a alors subi des jets de pierres. Une vitre a m\u00eame \u00e9t\u00e9 bris\u00e9e.<\/p>\n<p>Le chauffeur du bus a r\u00e9ussi \u00e0 se d\u00e9gager de la situation et \u00e0 repartir.<\/p>\n<p>La pr\u00e9sidente de Saint-\u00c9tienne M\u00e9tropole condamne cette \u00ab\u00a0attaque l\u00e2che\u00a0\u00bb<\/p>\n<p><b>Sylvie Fayolle<\/b>, la pr\u00e9sidente de <b>Saint-\u00c9tienne M\u00e9tropole<\/b>, a r\u00e9agi \u00e0 cette agression dans un communiqu\u00e9 de presse.\u00a0<\/p>\n<p>Elle \u00ab\u00a0condamne avec la plus grande fermet\u00e9 l&rsquo;attaque l\u00e2che dont a \u00e9t\u00e9 victime l&rsquo;un de nos chauffeurs de la Stas.\u00a0\u00bb<\/p>\n<p><img loading=\"lazy\" decoding=\"async\" src=\"https:\/\/www.europesays.com\/fr\/wp-content\/uploads\/2025\/12\/1767047917_863_img.png\" width=\"350\" height=\"200\" border=\"0\" title=\"Brigitte Bardot\"\/><\/p>\n<p>\u25baFrance<\/p>\n<p style=\"font-size: 22px;\"><b>Brigitte Bardot est d\u00e9c\u00e9d\u00e9e, les hommages envers l&rsquo;ic\u00f4ne fran\u00e7aise se succ\u00e8dent\u00a0<\/b><\/p>\n<p>Brigitte Bardot, ic\u00f4ne fran\u00e7aise de renom, est&#8230;<\/p>\n<p><\/p>\n","protected":false},"excerpt":{"rendered":"Samedi 27 d\u00e9cembre \u00e0 Saint-\u00c9tienne, un guet-apens a \u00e9t\u00e9 mis en place dans le quartier de Montreynaud. Un&hellip;\n","protected":false},"author":2,"featured_media":388035,"comment_status":"","ping_status":"","sticky":false,"template":"","format":"standard","meta":{"footnotes":""},"categories":[9653],"tags":[1111,11,2430,1777,674,1011,27,22148,3367,10086,12,25,9920,47892,4001,24434,36220],"class_list":{"0":"post-628590","1":"post","2":"type-post","3":"status-publish","4":"format-standard","5":"has-post-thumbnail","7":"category-saint-etienne","8":"tag-actu","9":"tag-actualites","10":"tag-auvergne-rhone-alpes","11":"tag-eu","12":"tag-europe","13":"tag-fr","14":"tag-france","15":"tag-guet-apens","16":"tag-loire","17":"tag-montreynaud","18":"tag-news","19":"tag-republique-francaise","20":"tag-saint-tienne","21":"tag-saint-tienne-mtropole","22":"tag-saint-etienne","23":"tag-stas","24":"tag-sylvie-fayolle"},"share_on_mastodon":{"url":"https:\/\/pubeurope.com\/@fr\/115805258120955195","error":""},"_links":{"self":[{"href":"https:\/\/www.europesays.com\/fr\/wp-json\/wp\/v2\/posts\/628590","targetHints":{"allow":["GET"]}}],"collection":[{"href":"https:\/\/www.europesays.com\/fr\/wp-json\/wp\/v2\/posts"}],"about":[{"href":"https:\/\/www.europesays.com\/fr\/wp-json\/wp\/v2\/types\/post"}],"author":[{"embeddable":true,"href":"https:\/\/www.europesays.com\/fr\/wp-json\/wp\/v2\/users\/2"}],"replies":[{"embeddable":true,"href":"https:\/\/www.europesays.com\/fr\/wp-json\/wp\/v2\/comments?post=628590"}],"version-history":[{"count":0,"href":"https:\/\/www.europesays.com\/fr\/wp-json\/wp\/v2\/posts\/628590\/revisions"}],"wp:featuredmedia":[{"embeddable":true,"href":"https:\/\/www.europesays.com\/fr\/wp-json\/wp\/v2\/media\/388035"}],"wp:attachment":[{"href":"https:\/\/www.europesays.com\/fr\/wp-json\/wp\/v2\/media?parent=628590"}],"wp:term":[{"taxonomy":"category","embeddable":true,"href":"https:\/\/www.europesays.com\/fr\/wp-json\/wp\/v2\/categories?post=628590"},{"taxonomy":"post_tag","embeddable":true,"href":"https:\/\/www.europesays.com\/fr\/wp-json\/wp\/v2\/tags?post=628590"}],"curies":[{"name":"wp","href":"https:\/\/api.w.org\/{rel}","templated":true}]}}