{"id":628606,"date":"2025-12-29T22:52:54","date_gmt":"2025-12-29T22:52:54","guid":{"rendered":"https:\/\/www.europesays.com\/fr\/628606\/"},"modified":"2025-12-29T22:52:54","modified_gmt":"2025-12-29T22:52:54","slug":"pour-les-municipales-a-bruz-le-maire-ne-se-represente-pas-tout-a-fait","status":"publish","type":"post","link":"https:\/\/www.europesays.com\/fr\/628606\/","title":{"rendered":"pour les municipales \u00e0 Bruz, le maire ne se repr\u00e9sente pas&#8230; tout \u00e0 fait"},"content":{"rendered":"<p>                    Par<br \/>\n        <strong><br \/>\n            <a href=\"https:\/\/actu.fr\/auteur\/brian-legoff\" title=\"Consulter tous les articles de Brian Le Goff\" target=\"_blank\" rel=\"noopener\">Brian Le Goff<\/a><br \/>\n                    <\/strong><\/p>\n<p>        Publi\u00e9 le<\/p>\n<p>            28 d\u00e9c. 2025 \u00e0 18h00        <\/p>\n<p>\u00ab\u2009J\u2019avais <strong>dit d\u00e8s le d\u00e9part que je n\u2019\u00e9tais pas viss\u00e9 \u00e0 mon si\u00e8ge<\/strong>.\u2009\u00bb Philippe Salmon, maire de <a href=\"https:\/\/actu.fr\/bretagne\/bruz_35047\" target=\"_blank\" rel=\"noopener\">Bruz<\/a>, n\u2019est pas t\u00eate de liste pour les prochaines <a href=\"https:\/\/actu.fr\/tag\/municipales-2026\" target=\"_blank\" rel=\"noopener\">\u00e9lections municipales, en mars\u00a02026<\/a>. La majorit\u00e9 sortante, avec le collectif <strong>\u00ab\u2009Bruz 2026\u2009\u00bb<\/strong>, a d\u00e9cid\u00e9 de faire un autre choix\u2009: <strong>investir un bin\u00f4me<\/strong> pour porter une <strong>liste \u00ab\u2009apartisane\u2009\u00bb aux \u00ab\u2009deux tiers renouvel\u00e9e\u2009\u00bb<\/strong>.<\/p>\n<p>Un duo paritaire<\/p>\n<p class=\" wall-content\">Ce duo est compos\u00e9 de <strong>Marie-Pierre Durand, 64\u00a0ans,<\/strong> adjointe \u00e0 la vie culturelle, et <strong>Jean-Baptiste Chev\u00e9, 55\u00a0ans,<\/strong> conseiller municipal d\u00e9l\u00e9gu\u00e9 \u00e0 la transition \u00e9cologique. Si ce duo paritaire compte bien diriger la ville \u00e0 deux, dans les faits, seul un peu \u00eatre \u00e9lu maire.<\/p>\n<p class=\" wall-content\"><a href=\"https:\/\/www.instagram.com\/p\/DRxdfeTjKQZ\/embed\" title=\"Ouvrir le lien sur Instagram\" target=\"_blank\" rel=\"noopener\">Visualiser le contenu sur Instagram<\/a><\/p>\n<p class=\" wall-content\">En cas d\u2019\u00e9lection, c\u2019est donc <strong>Marie-Pierre Durand qui serait investie premi\u00e8re \u00e9dile<\/strong> de la deuxi\u00e8me ville de la M\u00e9tropole de <a href=\"https:\/\/actu.fr\/rennes\/\" target=\"_blank\" rel=\"noopener\">Rennes<\/a> (avec pr\u00e8s de 20\u2009000\u00a0habitants), tandis que <strong>Jean-Baptiste Chev\u00e9 serait le premier adjoint<\/strong>.<\/p>\n<blockquote class=\"ac-article-quote wall-content\">\n<p>On est dans une d\u00e9marche de liste citoyenne et participative. On revendique le fait de travailler ensemble avec des fa\u00e7ons de penser autour de valeurs de gauche ancr\u00e9es. Avec ce duo, on voulait donner un signal sur la parit\u00e9, notre compl\u00e9mentarit\u00e9 et le travail d&rsquo;\u00e9quipe.<\/p>\n<p>    <strong>Maire Pierre Durand<\/strong><br \/>\n        T\u00eate de liste de la majorit\u00e9 sortante pour les Municipales 2026    <\/p><\/blockquote>\n<p>Philippe Salmon reste pour \u00ab\u2009un r\u00f4le un peu diff\u00e9rent\u2009\u00bb<\/p>\n<p class=\" wall-content\">De son c\u00f4t\u00e9, Philippe Salmon souhaite rester actif dans la future majorit\u00e9 en cas d\u2019\u00e9lection avec \u00ab\u2009un r\u00f4le un peu diff\u00e9rent\u2009\u00bb. Fort de son exp\u00e9rience en tant que vice-pr\u00e9sident de Rennes M\u00e9tropole, il souhaite en effet<strong> s\u2019investir sur les dossiers en lien avec la collectivit\u00e9<\/strong>.<\/p>\n<p>    <img   decoding=\"async\" loading=\"lazy\" src=\"https:\/\/www.europesays.com\/fr\/wp-content\/uploads\/2025\/12\/p-salmon-960x640.jpg\" alt=\"Philippe salmon maire de Bruz jusqu'en mars 2026\" width=\"960\" height=\"640\"\/><br \/>\n    Philippe Salmon est maire de Bruz jusqu\u2019en mars\u00a02026. (\u00a9Transmis \u00e0 actu Rennes)<\/p>\n<p class=\" wall-content\">Et l\u2019un des premiers dossiers concerne la <a href=\"https:\/\/actu.fr\/bretagne\/rennes_35238\/trambus-a-rennes-le-trace-et-les-stations-des-futures-lignes-t3-et-t4_60346308.html\" target=\"_blank\" rel=\"noopener\">future ligne de trambus pr\u00e9vue \u00e0 l\u2019horizon 2030<\/a>, \u00ab\u2009une opportunit\u00e9 pour la ville avec une infrastructure qualitative et structurante\u2009\u00bb. Toutefois, <strong>l\u2019une des interrogations reste la localisation de son terminus<\/strong>.<\/p>\n<p>Votre r\u00e9gion, votre actu !<\/p>\n<p>Recevez chaque jour les infos qui comptent pour vous.<\/p>\n<p>\t<a href=\"https:\/\/actu.fr\/newsletter\" class=\"ac-btn ac-btn--corner ac-btn--medium ac-btn--blue800\" target=\"_blank\" rel=\"noopener\">S&rsquo;incrire<\/a><\/p>\n<p class=\" wall-content\">\u00ab\u2009On a mobilis\u00e9 un <strong>panel citoyen<\/strong> en leur pr\u00e9sentant les<strong> deux options \u00e9tudi\u00e9es\u2009:<\/strong> un arr\u00eat devant le <strong>parc de la Herverie<\/strong> en amont du centre-ville historique ou un arr\u00eat du c\u00f4t\u00e9 du <strong>rond-point du Vau-Gaillard<\/strong>, avec un passage sur la place du Docteur-Joly. Les citoyens ont \u00e9voqu\u00e9 une<strong> troisi\u00e8me solution<\/strong> avec un terminus au niveau de <strong>La\u00a0Haye de Pan,<\/strong> tout \u00e0 l\u2019est de la Ville, et nous ont demand\u00e9 de voir les possibilit\u00e9s avec la M\u00e9tropole. <strong>C\u2019est lanc\u00e9\u2009\u00bb,<\/strong> retrace Philippe Salmon.<\/p>\n<p>1\u2009700 logements construits sur la prochaine d\u00e9cennie<\/p>\n<p class=\" wall-content\">L\u2019autre grand sujet pour Bruz, comme sur l\u2019ensemble du territoire, c\u2019est le logement. Lors du dernier conseil municipal, lundi 15\u00a0d\u00e9cembre, la majorit\u00e9 a vot\u00e9 la cr\u00e9ation d\u2019une <strong>ZAC (zone d\u2019activit\u00e9 concert\u00e9e) multisites,<\/strong> \u00e0 six endroits de la ville\u2009: Le Grand P\u00e2tis, No\u00eb, Mons, Gare, Maison des associations, Haye de Pan.<\/p>\n<p>    <img   decoding=\"async\" loading=\"lazy\" src=\"https:\/\/www.europesays.com\/fr\/wp-content\/uploads\/2025\/12\/zac-multi-sites-bruz-960x640.png\" alt=\"....\" width=\"960\" height=\"640\"\/><br \/>\n    Les six secteurs sur lesquels des logements et services vont \u00eatre construits. (\u00a9Dossier de cr\u00e9ation \u2013 Juin\u00a02025)<\/p>\n<p class=\" wall-content\">Cette ZAC multisites doit permettre de construire 1\u2009700 logements avec des <strong>premi\u00e8res livraisons attendues pour 2030<\/strong>. \u00ab\u2009Il y a un <strong>manque de logements criant<\/strong> et de plus en plus de population \u00e0 arriver. Par ailleurs, 70\u2009% de la population dite nouvelle ne l\u2019est pas. Car ce sont soit des enfants ou des familles monoparentales du territoire qui s\u2019installent\u2009\u00bb, affirme Philippe Salmon. \u00ab\u2009Une partie des quartiers se feront sur des terrains communaux, ce qui <strong>permet de limiter le risque de sp\u00e9culation<\/strong> en gardant la ma\u00eetrise du foncier et son augmentation des prix.\u2009\u00bb<\/p>\n<p>Agir sur \u00ab\u2009tout ce qui touche au vivre ensemble\u2009\u00bb<\/p>\n<p class=\" wall-content\">En juin, le Collectif Bruz 2026 a lanc\u00e9 une <strong>consultation<\/strong> pour recueillir le ressenti des habitants. \u00ab\u2009On a re\u00e7u 400 r\u00e9ponses, ce qui est \u00e9norme pour la taille de notre ville. <strong>Globalement, ils se sont dits assez contents de leur qualit\u00e9 de vie<\/strong> et des \u00e9quipements. Beaucoup ont \u00e9voqu\u00e9 les mobilit\u00e9s douces et le fait de les d\u00e9velopper, \u00e7a rassure.\u2009\u00bb Un ressenti qui conforte ceux qui sont aux manettes depuis 2020 dans la collectivit\u00e9.<\/p>\n<p class=\" wall-content\">Tous les trois veulent agir sur \u00ab\u2009tout ce qui touche au vivre ensemble dans une ville o\u00f9 les gens sont heureux d\u2019y vivre, <strong>sans oublier la tranquillit\u00e9 publique, qui est aussi une valeur de gauche\u2009\u00bb.<\/strong><\/p>\n<p class=\" wall-content\">Et le c\u00f4t\u00e9 <strong>\u00ab\u2009cit\u00e9 dortoir\u2009\u00bb<\/strong> de Bruz \u00e9voqu\u00e9 par certains\u2009? \u00ab\u00a0C\u2019est <strong>une perception qui n\u2019est pas dite<\/strong> par les habitants dans notre consultation\u2009\u00bb, selon les candidats.<\/p>\n<p>\u00ab\u200990\u2009% des engagements pris ont \u00e9t\u00e9 tenus\u2009\u00bb<\/p>\n<p class=\" wall-content\">Le maire sortant et le duo t\u00eate de liste estiment que \u00ab<strong>\u200990\u2009% des engagements pris en 2020 ont \u00e9t\u00e9 tenus\u2009\u00bb<\/strong> au cours du mandat. Ils notent entre autres le gros travail autour de la mobilit\u00e9 douce, \u00ab\u2009qui est en train de se terminer\u2009\u00bb. Du point de vue de l\u2019\u00e9ducation, \u00ab\u2009la garantie d\u2019un ou une Atsem par classe de maternelle est tenue\u2009\u00bb comme \u00ab\u2009la mise en place de tout un tas d\u2019actions autour de l\u2019animation de la ville qui faisaient partie du programme\u2009\u00bb.<\/p>\n<p class=\" wall-content\">Pour autant, en termes d\u2019actions <strong>pour les milliers d\u2019\u00e9tudiants du campus de Ker Lann<\/strong> au sein de la commune, les \u00e9lus sortants estiment qu\u2019il y a<strong> encore des choses \u00e0 inventer,<\/strong> comme un lieu d\u2019accueil pour que les jeunes puissent s\u2019y sentir bien. \u00ab\u2009Un besoin de lieux de rencontres\u2009\u00bb qui concerne de toute mani\u00e8re tous les habitants.<\/p>\n<p class=\" wall-content\">Ils se satisfont \u00e9galement qu\u2019il y ait \u00ab\u2009autant d\u2019emplois \u00e0 Bruz que de personnes en capacit\u00e9 de travailler\u2009\u00bb et observent <strong>\u00ab\u2009une vie associative tr\u00e8s riche\u2009\u00bb<\/strong> avec \u00ab\u2009200 associations ou sections d\u2019associations\u2009\u00bb, notamment au sein de la Jeanne d\u2019Arc et de l\u2019Amicale La\u00efque.<\/p>\n<p>Les profils des candidats<br \/>\n    <img   decoding=\"async\" loading=\"lazy\" src=\"https:\/\/www.europesays.com\/fr\/wp-content\/uploads\/2025\/12\/mp-durand-960x640.jpg\" alt=\"Maire-Pierre Durand, future maire de Bruz ?\" width=\"960\" height=\"640\"\/><br \/>\n    Marie-Pierre Durand, future maire de Bruz\u2009? (\u00a9Transmis \u00e0 actu Rennes)<\/p>\n<p class=\" wall-content\">Marie-Pierre Durand conna\u00eet tr\u00e8s bien l\u2019Amicale La\u00efque pour \u00eatre<strong> engag\u00e9e depuis trente ans en son sein<\/strong> comme cheffe de ch\u0153ur. La sexag\u00e9naire habite la ville depuis pr\u00e8s de 40\u00a0ans\u2009: \u00ab\u2009Mes quatre enfants ont fait leur scolarit\u00e9 sur la ville.\u2009\u00bb Enseignante en d\u00e9but de carri\u00e8re, cette derni\u00e8re a pris tr\u00e8s t\u00f4t sa retraite de l\u2019\u00e9ducation nationale pour <strong>fonder Voix actives,<\/strong> qui vise \u00e0 d\u00e9velopper la pratique du chant.<\/p>\n<p>    <img   decoding=\"async\" loading=\"lazy\" src=\"https:\/\/www.europesays.com\/fr\/wp-content\/uploads\/2025\/12\/jb-cheve-960x640.jpg\" alt=\"Jean-Bapstiste Chev\u00e9, second t\u00eate de liste Bruz 2026\" width=\"960\" height=\"640\"\/><br \/>\n    Jean-Baptiste Chev\u00e9, second sur la liste \u00ab\u2009Bruz 2026\u2009\u00bb. (\u00a9Transmis \u00e0 actu Rennes)<\/p>\n<p class=\" wall-content\">Pour sa part, Jean-Baptiste Chev\u00e9 habite Bruz depuis 2017. \u00ab\u2009C\u2019\u00e9tait un retour aux sources familiales en Ille-et-Vilaine. Mes enfants ont \u00e9t\u00e9 en primaire et sont aujourd\u2019hui au coll\u00e8ge et lyc\u00e9e. <strong>Ma famille est tr\u00e8s attach\u00e9e \u00e0 la ville<\/strong>.\u2009\u00bb Ing\u00e9nieur de formation, il travaille aujourd\u2019hui dans les t\u00e9l\u00e9communications, en tant qu\u2019<strong>architecte r\u00e9seaux<\/strong> et \u00ab\u2009a tr\u00e8s rapidement eu un int\u00e9r\u00eat aux questions li\u00e9es \u00e0 l\u2019\u00e9cologie avec la volont\u00e9 d\u2019impliquer les habitants\u2009\u00bb.<\/p>\n<p class=\" wall-content\"><a href=\"https:\/\/bruz2026.fr\/\" target=\"_blank\" rel=\"noopener\">Site internet de la campagne<\/a>.<\/p>\n<p class=\" wall-content\">Personnalisez votre actualit\u00e9 en ajoutant vos villes et m\u00e9dias en favori avec <a href=\"https:\/\/moncompte.actu.fr\" title=\"D\u00e9couvez Mon Actu\" rel=\"nofollow noopener\" data-trk=\"{&quot;cta&quot;:{&quot;action&quot;:&quot;https:\\\/\\\/moncompte.actu.fr&quot;,&quot;category&quot;:&quot;mon compte&quot;,&quot;from&quot;:&quot;article footer&quot;,&quot;name&quot;:&quot;Mon actu&quot;,&quot;type&quot;:&quot;cta&quot;}}\" target=\"_blank\">Mon Actu<\/a>.<\/p>\n<p>                    <script async src=\"\/\/www.instagram.com\/embed.js\"><\/script><\/p>\n","protected":false},"excerpt":{"rendered":"Par Brian Le Goff Publi\u00e9 le 28 d\u00e9c. 2025 \u00e0 18h00 \u00ab\u2009J\u2019avais dit d\u00e8s le d\u00e9part que je&hellip;\n","protected":false},"author":2,"featured_media":628607,"comment_status":"","ping_status":"","sticky":false,"template":"","format":"standard","meta":{"footnotes":""},"categories":[2821],"tags":[1111,11,829,4188,1777,674,1011,27,3434,12,316,584,25],"class_list":{"0":"post-628606","1":"post","2":"type-post","3":"status-publish","4":"format-standard","5":"has-post-thumbnail","7":"category-rennes","8":"tag-actu","9":"tag-actualites","10":"tag-bretagne","11":"tag-elections-municipales","12":"tag-eu","13":"tag-europe","14":"tag-fr","15":"tag-france","16":"tag-municipales-2026","17":"tag-news","18":"tag-politique","19":"tag-rennes","20":"tag-republique-francaise"},"share_on_mastodon":{"url":"https:\/\/pubeurope.com\/@fr\/115805317082582362","error":""},"_links":{"self":[{"href":"https:\/\/www.europesays.com\/fr\/wp-json\/wp\/v2\/posts\/628606","targetHints":{"allow":["GET"]}}],"collection":[{"href":"https:\/\/www.europesays.com\/fr\/wp-json\/wp\/v2\/posts"}],"about":[{"href":"https:\/\/www.europesays.com\/fr\/wp-json\/wp\/v2\/types\/post"}],"author":[{"embeddable":true,"href":"https:\/\/www.europesays.com\/fr\/wp-json\/wp\/v2\/users\/2"}],"replies":[{"embeddable":true,"href":"https:\/\/www.europesays.com\/fr\/wp-json\/wp\/v2\/comments?post=628606"}],"version-history":[{"count":0,"href":"https:\/\/www.europesays.com\/fr\/wp-json\/wp\/v2\/posts\/628606\/revisions"}],"wp:featuredmedia":[{"embeddable":true,"href":"https:\/\/www.europesays.com\/fr\/wp-json\/wp\/v2\/media\/628607"}],"wp:attachment":[{"href":"https:\/\/www.europesays.com\/fr\/wp-json\/wp\/v2\/media?parent=628606"}],"wp:term":[{"taxonomy":"category","embeddable":true,"href":"https:\/\/www.europesays.com\/fr\/wp-json\/wp\/v2\/categories?post=628606"},{"taxonomy":"post_tag","embeddable":true,"href":"https:\/\/www.europesays.com\/fr\/wp-json\/wp\/v2\/tags?post=628606"}],"curies":[{"name":"wp","href":"https:\/\/api.w.org\/{rel}","templated":true}]}}