{"id":628610,"date":"2025-12-29T22:55:13","date_gmt":"2025-12-29T22:55:13","guid":{"rendered":"https:\/\/www.europesays.com\/fr\/628610\/"},"modified":"2025-12-29T22:55:13","modified_gmt":"2025-12-29T22:55:13","slug":"strasbourg-un-patient-de-97-ans-attaque-aux-ciseaux-par-son-voisin-de-chambre-dhopital-une-plainte-deposee-3","status":"publish","type":"post","link":"https:\/\/www.europesays.com\/fr\/628610\/","title":{"rendered":"Strasbourg. Un\u00a0patient de 97 ans attaqu\u00e9 aux ciseaux par son voisin de chambre d&rsquo;h\u00f4pital, une plainte d\u00e9pos\u00e9e"},"content":{"rendered":"<p>Transf\u00e9r\u00e9 au CHU de Strasbourg pour une infection pulmonaire, un patient de 97 ans a \u00e9t\u00e9 victime d&rsquo;une agression par son voisin de chambre, comme le rapportent les <a href=\"https:\/\/www.dna.fr\/faits-divers-justice\/2025\/12\/29\/un-patient-de-97-ans-attaque-par-son-voisin-de-chambre-au-chu-de-hautepierre-une-plainte-deposee-pour-tentative-de-meurtre\" target=\"_blank\" rel=\"noopener\">Derni\u00e8res Nouvelles d&rsquo;Alsace<\/a>.\u00a0D\u00e9crit comme \u00ab\u00a0perturb\u00e9\u00a0\u00bb ce voisin de chambre \u00e9tait attach\u00e9 la nuit \u00ab\u00a0pour ne pas qu&rsquo;il tombe\u00a0\u00bb<\/p>\n<p>Au lendemain de l&rsquo;admission du nonag\u00e9naire, le fils de la victime appelle l&rsquo;h\u00f4pital qui lui annonce que son p\u00e8re \u00ab\u00a0avait \u00e9t\u00e9 victime de coups et qu&rsquo;il avait chang\u00e9 de chambre\u00a0\u00bb, raconte-t-il \u00e0 nos confr\u00e8res.<\/p>\n<p>Op\u00e9r\u00e9 d&rsquo;un\u00a0pneumothorax<\/p>\n<p>Le soir de cette agression la police est venue investiguer. Entre 21h et 22h la victime\u00a0alerte le personnel m\u00e9dical en criant. \u00ab\u00a0Le nonag\u00e9naire a \u00e9t\u00e9 bless\u00e9 par une paire de ciseaux et touch\u00e9 au thorax, \u00e0 l\u2019arcade, \u00e0 la main et au bras\u00a0\u00bb, \u00e9crivent les DNA.<\/p>\n<p>Le patient de 97 ans souffre d&rsquo;un pneumothorax, est plac\u00e9 en soins palliatifs et se fait op\u00e9rer. Le 26 d\u00e9cembre les proches de la victime\u00a0d\u00e9cident de d\u00e9poser plainte pour tentative de meurtre. L&rsquo;h\u00f4pital est \u00e9galement vis\u00e9 par une plainte pour\u00a0d\u00e9laissement d\u2019une personne incapable de se prot\u00e9ger.\u00a0<\/p>\n<p>Le nonag\u00e9naire a reconnu ses proches lors d&rsquo;une visite le 28 d\u00e9cembre et \u00ab\u00a0avait meilleure mine\u00a0\u00bb selon son fils. Le service communication de l&rsquo;h\u00f4pital n&rsquo;a pas souhait\u00e9 communiquer\u00a0\u00ab\u00a0puisqu\u2019une enqu\u00eate est en cours\u00a0\u00bb.<\/p>\n<p><strong>&gt; Lire le t\u00e9moignages dans les\u00a0<a href=\"https:\/\/www.dna.fr\/faits-divers-justice\/2025\/12\/29\/un-patient-de-97-ans-attaque-par-son-voisin-de-chambre-au-chu-de-hautepierre-une-plainte-deposee-pour-tentative-de-meurtre\" target=\"_blank\" rel=\"noopener\">Derni\u00e8res Nouvelles d&rsquo;Alsace<\/a><\/strong><\/p>\n","protected":false},"excerpt":{"rendered":"Transf\u00e9r\u00e9 au CHU de Strasbourg pour une infection pulmonaire, un patient de 97 ans a \u00e9t\u00e9 victime d&rsquo;une&hellip;\n","protected":false},"author":2,"featured_media":628497,"comment_status":"","ping_status":"","sticky":false,"template":"","format":"standard","meta":{"footnotes":""},"categories":[2820],"tags":[1111,11,271,272,1777,674,274,107,1011,27,329,775,12,25,71,640],"class_list":{"0":"post-628610","1":"post","2":"type-post","3":"status-publish","4":"format-standard","5":"has-post-thumbnail","7":"category-strasbourg","8":"tag-actu","9":"tag-actualites","10":"tag-crime","11":"tag-delit-et-contravention","12":"tag-eu","13":"tag-europe","14":"tag-faits-divers-justice","15":"tag-fil-info","16":"tag-fr","17":"tag-france","18":"tag-france-monde","19":"tag-grand-est","20":"tag-news","21":"tag-republique-francaise","22":"tag-sante","23":"tag-strasbourg"},"share_on_mastodon":{"url":"https:\/\/pubeurope.com\/@fr\/115805324823041704","error":""},"_links":{"self":[{"href":"https:\/\/www.europesays.com\/fr\/wp-json\/wp\/v2\/posts\/628610","targetHints":{"allow":["GET"]}}],"collection":[{"href":"https:\/\/www.europesays.com\/fr\/wp-json\/wp\/v2\/posts"}],"about":[{"href":"https:\/\/www.europesays.com\/fr\/wp-json\/wp\/v2\/types\/post"}],"author":[{"embeddable":true,"href":"https:\/\/www.europesays.com\/fr\/wp-json\/wp\/v2\/users\/2"}],"replies":[{"embeddable":true,"href":"https:\/\/www.europesays.com\/fr\/wp-json\/wp\/v2\/comments?post=628610"}],"version-history":[{"count":0,"href":"https:\/\/www.europesays.com\/fr\/wp-json\/wp\/v2\/posts\/628610\/revisions"}],"wp:featuredmedia":[{"embeddable":true,"href":"https:\/\/www.europesays.com\/fr\/wp-json\/wp\/v2\/media\/628497"}],"wp:attachment":[{"href":"https:\/\/www.europesays.com\/fr\/wp-json\/wp\/v2\/media?parent=628610"}],"wp:term":[{"taxonomy":"category","embeddable":true,"href":"https:\/\/www.europesays.com\/fr\/wp-json\/wp\/v2\/categories?post=628610"},{"taxonomy":"post_tag","embeddable":true,"href":"https:\/\/www.europesays.com\/fr\/wp-json\/wp\/v2\/tags?post=628610"}],"curies":[{"name":"wp","href":"https:\/\/api.w.org\/{rel}","templated":true}]}}