{"id":628611,"date":"2025-12-29T22:56:10","date_gmt":"2025-12-29T22:56:10","guid":{"rendered":"https:\/\/www.europesays.com\/fr\/628611\/"},"modified":"2025-12-29T22:56:10","modified_gmt":"2025-12-29T22:56:10","slug":"rc-strasbourg-un-crack-de-l2-en-approche-pour-8-me","status":"publish","type":"post","link":"https:\/\/www.europesays.com\/fr\/628611\/","title":{"rendered":"RC Strasbourg : un crack de L2 en approche pour 8 M\u20ac !"},"content":{"rendered":"<p>Le RC Strasbourg a boucl\u00e9 l\u2019arriv\u00e9e d\u2019une p\u00e9pite de Ligue 2 contre 8 M\u20ac.<\/p>\n<p>Dans le viseur des meilleurs clubs de Ligue 1 comme l\u2019OM et le LOSC, Gessime Yassine devrait finalement s\u2019engager avec le RC Strasbourg. Le club alsacien serait en n\u00e9gociations tr\u00e8s avanc\u00e9es avec Dunkerque pour le transfert de l\u2019international U20 marocain.<\/p>\n<p>Les deux clubs se seraient entendus pour un transfert de 8 M\u20ac et en seraient maintenant \u00e0 trouver un accord pour un pourcentage \u00e0 la revente. Ag\u00e9 de 20 ans, cet ailier droit brille en L2 avec 6 passes d\u00e9cisives en 12 matchs.<\/p>\n","protected":false},"excerpt":{"rendered":"Le RC Strasbourg a boucl\u00e9 l\u2019arriv\u00e9e d\u2019une p\u00e9pite de Ligue 2 contre 8 M\u20ac. Dans le viseur des&hellip;\n","protected":false},"author":2,"featured_media":628612,"comment_status":"","ping_status":"","sticky":false,"template":"","format":"standard","meta":{"footnotes":""},"categories":[2820],"tags":[1111,11,1777,674,1011,27,775,12,25,640],"class_list":{"0":"post-628611","1":"post","2":"type-post","3":"status-publish","4":"format-standard","5":"has-post-thumbnail","7":"category-strasbourg","8":"tag-actu","9":"tag-actualites","10":"tag-eu","11":"tag-europe","12":"tag-fr","13":"tag-france","14":"tag-grand-est","15":"tag-news","16":"tag-republique-francaise","17":"tag-strasbourg"},"share_on_mastodon":{"url":"https:\/\/pubeurope.com\/@fr\/115805328882364782","error":""},"_links":{"self":[{"href":"https:\/\/www.europesays.com\/fr\/wp-json\/wp\/v2\/posts\/628611","targetHints":{"allow":["GET"]}}],"collection":[{"href":"https:\/\/www.europesays.com\/fr\/wp-json\/wp\/v2\/posts"}],"about":[{"href":"https:\/\/www.europesays.com\/fr\/wp-json\/wp\/v2\/types\/post"}],"author":[{"embeddable":true,"href":"https:\/\/www.europesays.com\/fr\/wp-json\/wp\/v2\/users\/2"}],"replies":[{"embeddable":true,"href":"https:\/\/www.europesays.com\/fr\/wp-json\/wp\/v2\/comments?post=628611"}],"version-history":[{"count":0,"href":"https:\/\/www.europesays.com\/fr\/wp-json\/wp\/v2\/posts\/628611\/revisions"}],"wp:featuredmedia":[{"embeddable":true,"href":"https:\/\/www.europesays.com\/fr\/wp-json\/wp\/v2\/media\/628612"}],"wp:attachment":[{"href":"https:\/\/www.europesays.com\/fr\/wp-json\/wp\/v2\/media?parent=628611"}],"wp:term":[{"taxonomy":"category","embeddable":true,"href":"https:\/\/www.europesays.com\/fr\/wp-json\/wp\/v2\/categories?post=628611"},{"taxonomy":"post_tag","embeddable":true,"href":"https:\/\/www.europesays.com\/fr\/wp-json\/wp\/v2\/tags?post=628611"}],"curies":[{"name":"wp","href":"https:\/\/api.w.org\/{rel}","templated":true}]}}