{"id":628613,"date":"2025-12-29T22:57:19","date_gmt":"2025-12-29T22:57:19","guid":{"rendered":"https:\/\/www.europesays.com\/fr\/628613\/"},"modified":"2025-12-29T22:57:19","modified_gmt":"2025-12-29T22:57:19","slug":"a-nice-et-ses-environs-les-sorties-gratuites-a-faire-en-famille-entre-le-29-decembre-et-le-4-janvier","status":"publish","type":"post","link":"https:\/\/www.europesays.com\/fr\/628613\/","title":{"rendered":"\u00e0 Nice et ses environs, les sorties gratuites \u00e0 faire en famille entre le 29 d\u00e9cembre et le 4 janvier"},"content":{"rendered":"<p><strong>Non, les vacances ne sont pas termin\u00e9es dans les Alpes-Maritimes\u00a0! Histoire de profiter des derniers jours de repos avant la reprise de janvier, voici notre s\u00e9lection de vadrouilles \u00e0\u00a0pr\u00e9voir en famille \u00e0\u00a0Nice et ses alentours imm\u00e9diats\u2026<\/strong><\/p>\n<p>Le village de No\u00ebl et son march\u00e9 <a href=\"https:\/\/nicepresse.com\/nice-classe-par-deux-palmares-comme-lun-des-plus-beaux-marches-de-toute-la-france-le-village-de-noel-2025-attire-deja-beaucoup-du-monde\/\" data-wpel-link=\"internal\" target=\"_blank\" rel=\"noopener\">vous attendent (toujours) \u00e0\u00a0Nice<\/a>. Un arr\u00eat incontournable, jusqu\u2019au 4\u00a0janvier 2026. Une date qui correspond au dernier dimanche des vacances. D\u2019ailleurs, le temps de cette seconde semaine de libert\u00e9 pour les pitchoui, <a href=\"https:\/\/nicepresse.com\/cascadeurs-elephant-geant-la-compagnie-reves-de-cirque-revient-a-nice-dans-quelques-jours-avec-un-spectacle-plein-de-feerie\/\" data-wpel-link=\"internal\" target=\"_blank\" rel=\"noopener\">d\u2019autres festivit\u00e9s<\/a> sont organis\u00e9es pr\u00e8s de la capitale maralpine.<\/p>\n<p>Elles sont, certaines, accessibles gratuitement, comme le spectacle jeune public \u00e0\u00a0Villefranche-sur-Mer. Rendez-vous le mardi 30 d\u00e9cembre \u00e0\u00a0l\u2019auditorium de la Citadelle pour assister \u00e0 \u00ab\u00a0Bulline, la F\u00e9e aux bulles magiques\u00a0\u00bb, dont la repr\u00e9sentation d\u00e9butera \u00e0\u00a016 heures. Un moment m\u00ealant partage, franche rigolade et histoire enchant\u00e9e.<\/p>\n<p><a href=\"https:\/\/espacelympia.departement06.fr\/agenda\/brigitte-mylene-et-michele-les-petites-cheries-de-la-cote-dazur\" data-wpel-link=\"external\" target=\"_blank\" rel=\"external noopener noreferrer\"><img loading=\"lazy\" decoding=\"async\" width=\"300\" height=\"300\" src=\"https:\/\/www.europesays.com\/fr\/wp-content\/uploads\/2025\/12\/APWeb_LPC_300x300_YB_300-x-300.jpg\" alt=\"\" class=\"wp-image-262664\"\/><\/a><\/p>\n<p>Semaine d\u2019animations \u00e0\u00a0Vence<\/p>\n<blockquote class=\"instagram-media\" data-instgrm-permalink=\"https:\/\/www.instagram.com\/p\/DRxVejwiBKy\/?utm_source=ig_embed&amp;utm_campaign=loading\" data-instgrm-version=\"14\" style=\" background:#FFF; border:0; border-radius:3px; box-shadow:0 0 1px 0 rgba(0,0,0,0.5),0 1px 10px 0 rgba(0,0,0,0.15); margin: 1px; max-width:540px; min-width:326px; padding:0; width:99.375%; width:-webkit-calc(100% - 2px); width:calc(100% - 2px);\"\/>\n<p>Du c\u00f4t\u00e9 de <strong>Vence<\/strong>, la commune pr\u00e9voit de nombreuses animations du lundi 29 au samedi 3\u00a0janvier. Le lundi et le vendredi par exemple, venez d\u00e9couvrir sur la place du Grand Jardin des jeux interactifs. Le mardi sera install\u00e9e une petite ferme. Enfin, le samedi, les habitants pourront s\u2019adonner \u00e0\u00a0des ateliers circassiens.<\/p>\n<p>Autre manifestation th\u00e9\u00e2trale, cette fois-ci \u00e0\u00a0<strong>Saint-Martin-V\u00e9subie<\/strong> (5-10 ans). Venez observer la pi\u00e8ce \u00ab\u00a0No\u00ebl et papillotes\u00a0\u00bb le mardi 30 d\u00e9cembre \u00e0\u00a0la salle Jean Gabin, le tout en entr\u00e9e libre. Le conte nous d\u00e9voile une belle aventure de No\u00ebl entre rocambolesque et f\u00e9erique.<\/p>\n<p>Si vous vous trouvez plut\u00f4t vers <strong>Saint-Jean-Cap-Ferrat<\/strong>, dirigez-vous vers la salle Charlie Chaplin, o\u00f9 se d\u00e9roulera le fameux concert du jour de l\u2019An d\u00e8s 16 heures. Une tradition dans cette station baln\u00e9aire azur\u00e9enne avec cette ann\u00e9e, l\u2019orchestre Passion Classique. Au menu, des valses et divers airs joyeux, notamment des musiques de\u00a0films.<\/p>\n<p>Dans cette m\u00eame localit\u00e9, laissez parler votre cr\u00e9ativit\u00e9 lors d\u2019animations administr\u00e9es par l\u2019artiste Clodart. Elles se tiendront le samedi 3\u00a0janvier \u00e0\u00a014, 15 et 16 heures. Ouvertes \u00e0\u00a0tous d\u00e8s 4\u00a0ans, elles n\u00e9cessitent tout de m\u00eame une inscription en appelant le 04.93.76.08.90. <\/p>\n<blockquote class=\"instagram-media\" data-instgrm-permalink=\"https:\/\/www.instagram.com\/p\/DRhdO57jOox\/?utm_source=ig_embed&amp;utm_campaign=loading\" data-instgrm-version=\"14\" style=\" background:#FFF; border:0; border-radius:3px; box-shadow:0 0 1px 0 rgba(0,0,0,0.5),0 1px 10px 0 rgba(0,0,0,0.15); margin: 1px; max-width:540px; min-width:326px; padding:0; width:99.375%; width:-webkit-calc(100% - 2px); width:calc(100% - 2px);\"\/>\n<p>\u00c0 Nice, une expo sur le\u00a0sumo<\/p>\n<p>Pour conclure avec Nice, l\u2019exposition gratuite propos\u00e9e par le Conseil d\u00e9partemental \u00e0\u00a0la Galerie Lympia r\u00e9sonne tristement avec l\u2019actualit\u00e9. Alors que <a href=\"https:\/\/nicepresse.com\/mort-de-brigitte-bardot-le-nom-de-lactrice-sera-donne-a-un-lieu-emblematique-de-nice\/\" data-wpel-link=\"internal\" target=\"_blank\" rel=\"noopener\">Brigitte Bardot nous a\u00a0quitt\u00e9s dimanche<\/a> 28 d\u00e9cembre, venez d\u00e9couvrir <a href=\"https:\/\/espacelympia.departement06.fr\/agenda\/brigitte-mylene-et-michele-les-petites-cheries-de-la-cote-dazur\" target=\"_blank\" rel=\"noopener external noreferrer\" data-wpel-link=\"external\" class=\"wpel-icon-right\">\u00ab\u00a0Les petites ch\u00e9ries de la C\u00f4te d\u2019Azur\u00a0\u00bb<\/a>, avec toute une sc\u00e9nographie autour de BB, Myl\u00e8ne Demongeot et Mich\u00e8le Mercier.<\/p>\n<p>\u00ab\u00a0\u00c0 travers les films, les portraits et les souvenirs de leur \u00e9poque, on per\u00e7oit l\u2019\u00e9mergence d\u2019un regard f\u00e9minin affirm\u00e9, capable de s\u2019imposer dans un univers encore largement domin\u00e9 par les hommes. L\u2019expo rend hommage \u00e0\u00a0ces ic\u00f4nes intemporelles et propose de retracer leurs parcours. Photographies, extraits de films, affiches et documents d\u2019archives permettent aux visiteurs et visiteuses de d\u00e9couvrir leur influence sur le cin\u00e9ma et la soci\u00e9t\u00e9 de l\u2019\u00e9poque, ainsi que la mani\u00e8re dont elles ont particip\u00e9 \u00e0\u00a0construire le mythe du glamour \u00e0\u00a0la fran\u00e7aise. L\u2019\u00e9v\u00e8nement met en lumi\u00e8re leur audace, leur style et leur modernit\u00e9, tout en offrant une r\u00e9flexion sur la place des femmes \u00e0\u00a0l\u2019\u00e9cran et dans la culture populaire de cette p\u00e9riode.\u00a0\u00bb<\/p>\n<p>Allons ensuite au mus\u00e9e des Arts asiatiques, au bout de la Promenade des Anglais. Jusqu\u2019au 1er f\u00e9vrier, elle propose aux curieux une exposition centr\u00e9e sur le sumo, \u00e0\u00a0la fois sport de lutte et ph\u00e9nom\u00e8ne traditionnel japonais.\u00a0<\/p>\n<p>On y\u00a0d\u00e9couvrira des objets uniques comme des estampes anciennes, des photographies de Philippe Marinig ou encore des cadeaux diplomatiques remis \u00e0\u00a0Jacques Chirac. Un \u00e9v\u00e8nement gratuit. Vous pouvez ajouter un suppl\u00e9ment de 2,5 \u00e0\u00a05 euros pour une visite guid\u00e9e.<\/p>\n<p>\t<script async src=\"\/\/www.instagram.com\/embed.js\"><\/script><\/p>\n","protected":false},"excerpt":{"rendered":"Non, les vacances ne sont pas termin\u00e9es dans les Alpes-Maritimes\u00a0! Histoire de profiter des derniers jours de repos&hellip;\n","protected":false},"author":2,"featured_media":628614,"comment_status":"","ping_status":"","sticky":false,"template":"","format":"standard","meta":{"footnotes":""},"categories":[2819],"tags":[1111,11,1777,674,1011,27,12,2401,882,25],"class_list":{"0":"post-628613","1":"post","2":"type-post","3":"status-publish","4":"format-standard","5":"has-post-thumbnail","7":"category-nice","8":"tag-actu","9":"tag-actualites","10":"tag-eu","11":"tag-europe","12":"tag-fr","13":"tag-france","14":"tag-news","15":"tag-nice","16":"tag-provence-alpes-cote-dazur","17":"tag-republique-francaise"},"share_on_mastodon":{"url":"https:\/\/pubeurope.com\/@fr\/115805332743694299","error":""},"_links":{"self":[{"href":"https:\/\/www.europesays.com\/fr\/wp-json\/wp\/v2\/posts\/628613","targetHints":{"allow":["GET"]}}],"collection":[{"href":"https:\/\/www.europesays.com\/fr\/wp-json\/wp\/v2\/posts"}],"about":[{"href":"https:\/\/www.europesays.com\/fr\/wp-json\/wp\/v2\/types\/post"}],"author":[{"embeddable":true,"href":"https:\/\/www.europesays.com\/fr\/wp-json\/wp\/v2\/users\/2"}],"replies":[{"embeddable":true,"href":"https:\/\/www.europesays.com\/fr\/wp-json\/wp\/v2\/comments?post=628613"}],"version-history":[{"count":0,"href":"https:\/\/www.europesays.com\/fr\/wp-json\/wp\/v2\/posts\/628613\/revisions"}],"wp:featuredmedia":[{"embeddable":true,"href":"https:\/\/www.europesays.com\/fr\/wp-json\/wp\/v2\/media\/628614"}],"wp:attachment":[{"href":"https:\/\/www.europesays.com\/fr\/wp-json\/wp\/v2\/media?parent=628613"}],"wp:term":[{"taxonomy":"category","embeddable":true,"href":"https:\/\/www.europesays.com\/fr\/wp-json\/wp\/v2\/categories?post=628613"},{"taxonomy":"post_tag","embeddable":true,"href":"https:\/\/www.europesays.com\/fr\/wp-json\/wp\/v2\/tags?post=628613"}],"curies":[{"name":"wp","href":"https:\/\/api.w.org\/{rel}","templated":true}]}}