{"id":628615,"date":"2025-12-29T22:58:13","date_gmt":"2025-12-29T22:58:13","guid":{"rendered":"https:\/\/www.europesays.com\/fr\/628615\/"},"modified":"2025-12-29T22:58:13","modified_gmt":"2025-12-29T22:58:13","slug":"coup-de-theatre-nice-tente-le-coup-sergio-ramos","status":"publish","type":"post","link":"https:\/\/www.europesays.com\/fr\/628615\/","title":{"rendered":"Coup de th\u00e9\u00e2tre, Nice tente le coup Sergio Ramos !"},"content":{"rendered":"<p>L\u2019OGC Nice tente le coup Sergio Ramos ! Alors que beaucoup pensaient que le champion espagnol avait d\u00e9j\u00e0 ralenti le rythme \u00e0 39 ans, voil\u00e0 que Nice entre dans la danse. Selon plusieurs sources fiables, dont l&rsquo;insider ni\u00e7ois Nico et Mohamed Toubache-Ter, les discussions sont s\u00e9rieuses et se poursuivent activement. Le club azur\u00e9en semble pr\u00eat \u00e0 envisager un coup monumental pour renforcer sa d\u00e9fense avec l\u2019un des plus grands noms du football mondial.<\/p>\n<p>Ramos, fra\u00eechement lib\u00e9r\u00e9 des Rayados de Monterrey apr\u00e8s une saison satisfaisante au Mexique, n\u2019a aucune intention de raccrocher. Son objectif : continuer \u00e0 jouer au plus haut niveau, d\u00e8s janvier si possible, dans un championnat comp\u00e9titif. La Ligue 1 est sur sa liste, et l\u2019Espagnol serait ouvert \u00e0 toutes les propositions europ\u00e9ennes solides.<\/p>\n<blockquote class=\"twitter-tweet\">\n<p dir=\"ltr\" lang=\"fr\">\u2705\u2705 oui c\u2019est vrai, l\u2019approche est s\u00e9rieuse<\/p>\n<p>\u2014 Mohamed TOUBACHE-TER (@MohamedTERParis) <a href=\"https:\/\/twitter.com\/MohamedTERParis\/status\/2005732830564004044?ref_src=twsrc%5Etfw\" target=\"_blank\" rel=\"noopener\">December 29, 2025<\/a><\/p>\n<\/blockquote>\n<p>A lire aussi :Un \u00e9norme renfort pour les Aiglons<\/p>\n<p>Pour Nice, ce serait un v\u00e9ritable jackpot : un d\u00e9fenseur l\u00e9gendaire, gratuitement, avec une exp\u00e9rience in\u00e9gal\u00e9e au Real Madrid et en \u00e9quipe d\u2019Espagne. La concurrence est f\u00e9roce, avec des clubs comme Manchester United, l\u2019AC Milan, ou m\u00eame des destinations comme la MLS et l\u2019Arabie Saoudite, mais le simple fait que les contacts soient \u201ctr\u00e8s s\u00e9rieux\u201d montre que l\u2019ambition ni\u00e7oise est \u00e0 la hauteur de l\u2019\u00e9v\u00e9nement.<\/p>\n<p>Si l\u2019op\u00e9ration se concr\u00e9tise, ce serait un signal fort pour le club azur\u00e9en, visiblement d\u00e9cid\u00e9 \u00e0 entamer des changements d&rsquo;envergure. Apr\u00e8s Claude Puel, Sergio Ramos ? Nul doute que les supporters vont suivre ce dossier avec attention.<\/p>\n<p>   Partagez cette info avec vos amis et vos proches en cliquant ici<br \/> Pour r\u00e9sumer<\/p>\n<p>Incroyable ! L\u2019OGC Nice discute s\u00e9rieusement avec Sergio Ramos, 39 ans, libre apr\u00e8s Monterrey. Le d\u00e9fenseur l\u00e9gendaire veut continuer en Europe, Ligue 1 incluse. Une op\u00e9ration gratuite et spectaculaire pour Nice version Claude Puel.<\/p>\n<p>R\u00e9dacteur<\/p>\n<p><img decoding=\"async\" width=\"76\" height=\"76\" loading=\"lazy\" src=\"https:\/\/www.europesays.com\/fr\/wp-content\/uploads\/2025\/04\/logo-julien-pedebos.jpg\" alt=\"Julien P\u00e9debos\"\/><script async src=\"https:\/\/platform.twitter.com\/widgets.js\" charset=\"utf-8\"><\/script><\/p>\n","protected":false},"excerpt":{"rendered":"L\u2019OGC Nice tente le coup Sergio Ramos ! Alors que beaucoup pensaient que le champion espagnol avait d\u00e9j\u00e0&hellip;\n","protected":false},"author":2,"featured_media":628616,"comment_status":"","ping_status":"","sticky":false,"template":"","format":"standard","meta":{"footnotes":""},"categories":[2819],"tags":[1111,11,1777,674,1011,27,66,12,2401,882,25,10662],"class_list":{"0":"post-628615","1":"post","2":"type-post","3":"status-publish","4":"format-standard","5":"has-post-thumbnail","7":"category-nice","8":"tag-actu","9":"tag-actualites","10":"tag-eu","11":"tag-europe","12":"tag-fr","13":"tag-france","14":"tag-ligue-1","15":"tag-news","16":"tag-nice","17":"tag-provence-alpes-cote-dazur","18":"tag-republique-francaise","19":"tag-transferts"},"share_on_mastodon":{"url":"https:\/\/pubeurope.com\/@fr\/115805336685416021","error":""},"_links":{"self":[{"href":"https:\/\/www.europesays.com\/fr\/wp-json\/wp\/v2\/posts\/628615","targetHints":{"allow":["GET"]}}],"collection":[{"href":"https:\/\/www.europesays.com\/fr\/wp-json\/wp\/v2\/posts"}],"about":[{"href":"https:\/\/www.europesays.com\/fr\/wp-json\/wp\/v2\/types\/post"}],"author":[{"embeddable":true,"href":"https:\/\/www.europesays.com\/fr\/wp-json\/wp\/v2\/users\/2"}],"replies":[{"embeddable":true,"href":"https:\/\/www.europesays.com\/fr\/wp-json\/wp\/v2\/comments?post=628615"}],"version-history":[{"count":0,"href":"https:\/\/www.europesays.com\/fr\/wp-json\/wp\/v2\/posts\/628615\/revisions"}],"wp:featuredmedia":[{"embeddable":true,"href":"https:\/\/www.europesays.com\/fr\/wp-json\/wp\/v2\/media\/628616"}],"wp:attachment":[{"href":"https:\/\/www.europesays.com\/fr\/wp-json\/wp\/v2\/media?parent=628615"}],"wp:term":[{"taxonomy":"category","embeddable":true,"href":"https:\/\/www.europesays.com\/fr\/wp-json\/wp\/v2\/categories?post=628615"},{"taxonomy":"post_tag","embeddable":true,"href":"https:\/\/www.europesays.com\/fr\/wp-json\/wp\/v2\/tags?post=628615"}],"curies":[{"name":"wp","href":"https:\/\/api.w.org\/{rel}","templated":true}]}}