{"id":628617,"date":"2025-12-29T22:59:20","date_gmt":"2025-12-29T22:59:20","guid":{"rendered":"https:\/\/www.europesays.com\/fr\/628617\/"},"modified":"2025-12-29T22:59:20","modified_gmt":"2025-12-29T22:59:20","slug":"francois-guerin-renouvele-a-la-presidence-du-collectif-dirigeants-responsable","status":"publish","type":"post","link":"https:\/\/www.europesays.com\/fr\/628617\/","title":{"rendered":"Fran\u00e7ois Gu\u00e9rin renouvel\u00e9 \u00e0 la pr\u00e9sidence du collectif Dirigeants Responsable"},"content":{"rendered":"<p>Le Collectif<a href=\"https:\/\/nantes.maville.com\/actu\/actudet_-coronavirus.-pays-de-la-loire-les-patrons-sociaux-visent-une-sortie-de-crise-responsable_8-4084637_actu.Htm\" target=\"_blank\" rel=\"noopener\"> Dirigeants Responsables<\/a> rassemble aujourd\u2019hui plus de 350 dirigeants au sein de neuf associations territoriales. \u00c0 la t\u00eate de l\u2019association depuis sa cr\u00e9ation en 2022, Fran\u00e7ois Gu\u00e9rin a \u00e9t\u00e9 renouvel\u00e9 \u00e0 la pr\u00e9sidence.<\/p>\n<p>Respecter la plan\u00e8te<\/p>\n<p>Ces chefs d\u2019entreprise s\u2019engagent \u00a0pour transformer leurs organisations dans le respect des limites plan\u00e9taires\u00a0. Implant\u00e9 dans plusieurs territoires fran\u00e7ais (Loire-Atlantique, Vend\u00e9e, Anjou-Maine, Finist\u00e8re, Morbihan, Rennes-Bretagne, Marne, Touraine, La Rochelle, Ile-de-France), le collectif favorise le partage de pratiques. Fran\u00e7ois Gu\u00e9rien est par ailleurs dirigeant de<a href=\"https:\/\/nantes.maville.com\/pays-de-la-loire\/loire-atlantique\/machecoul-saint-meme\/machecoul-cetih-apres-l-elysee-mardi-matignon-jeudi-78d319f8-3d2d-11ea-8ffc-11604c1fdc1f\" target=\"_blank\" rel=\"noopener\"> Cetih,<\/a> bas\u00e9 \u00e0 Machecoul.<\/p>\n<p>\u00a0<\/p>\n","protected":false},"excerpt":{"rendered":"Le Collectif Dirigeants Responsables rassemble aujourd\u2019hui plus de 350 dirigeants au sein de neuf associations territoriales. \u00c0 la&hellip;\n","protected":false},"author":2,"featured_media":628618,"comment_status":"","ping_status":"","sticky":false,"template":"","format":"standard","meta":{"footnotes":""},"categories":[2818],"tags":[1111,11,7819,13789,1777,674,1011,27,11846,50780,766,12,2636,3227,73792,25,56834],"class_list":{"0":"post-628617","1":"post","2":"type-post","3":"status-publish","4":"format-standard","5":"has-post-thumbnail","7":"category-nantes","8":"tag-actu","9":"tag-actualites","10":"tag-collectif","11":"tag-dirigeants","12":"tag-eu","13":"tag-europe","14":"tag-fr","15":"tag-france","16":"tag-francois","17":"tag-guerin","18":"tag-nantes","19":"tag-news","20":"tag-pays-de-la-loire","21":"tag-presidence","22":"tag-renouvele","23":"tag-republique-francaise","24":"tag-responsable"},"share_on_mastodon":{"url":"https:\/\/pubeurope.com\/@fr\/115805340530333838","error":""},"_links":{"self":[{"href":"https:\/\/www.europesays.com\/fr\/wp-json\/wp\/v2\/posts\/628617","targetHints":{"allow":["GET"]}}],"collection":[{"href":"https:\/\/www.europesays.com\/fr\/wp-json\/wp\/v2\/posts"}],"about":[{"href":"https:\/\/www.europesays.com\/fr\/wp-json\/wp\/v2\/types\/post"}],"author":[{"embeddable":true,"href":"https:\/\/www.europesays.com\/fr\/wp-json\/wp\/v2\/users\/2"}],"replies":[{"embeddable":true,"href":"https:\/\/www.europesays.com\/fr\/wp-json\/wp\/v2\/comments?post=628617"}],"version-history":[{"count":0,"href":"https:\/\/www.europesays.com\/fr\/wp-json\/wp\/v2\/posts\/628617\/revisions"}],"wp:featuredmedia":[{"embeddable":true,"href":"https:\/\/www.europesays.com\/fr\/wp-json\/wp\/v2\/media\/628618"}],"wp:attachment":[{"href":"https:\/\/www.europesays.com\/fr\/wp-json\/wp\/v2\/media?parent=628617"}],"wp:term":[{"taxonomy":"category","embeddable":true,"href":"https:\/\/www.europesays.com\/fr\/wp-json\/wp\/v2\/categories?post=628617"},{"taxonomy":"post_tag","embeddable":true,"href":"https:\/\/www.europesays.com\/fr\/wp-json\/wp\/v2\/tags?post=628617"}],"curies":[{"name":"wp","href":"https:\/\/api.w.org\/{rel}","templated":true}]}}