{"id":628619,"date":"2025-12-29T23:00:47","date_gmt":"2025-12-29T23:00:47","guid":{"rendered":"https:\/\/www.europesays.com\/fr\/628619\/"},"modified":"2025-12-29T23:00:47","modified_gmt":"2025-12-29T23:00:47","slug":"une-piste-trop-ambitieuse-deja-mise-de-cote-par-le-fcn","status":"publish","type":"post","link":"https:\/\/www.europesays.com\/fr\/628619\/","title":{"rendered":"Une piste trop ambitieuse d\u00e9j\u00e0 mise de c\u00f4t\u00e9 par le FCN ?"},"content":{"rendered":"<p>                                            Publi\u00e9 le 29\/12\/2025 \u00e0 16h16<br \/>\n                                                                                3 minutes de lecture\n                                                                    <\/p>\n<p>F\u00e9ru de sport et plus particuli\u00e8rement de ballon rond depuis ma plus tendre enfance.<\/p>\n<p>                                            Lire la suite<\/p>\n<p>Le mercato hivernal du <strong>FC Nantes<\/strong> s\u00a0\u00bbanime autour d&rsquo;une piste particuli\u00e8rement s\u00e9duisante mais complexe. Le nom d&rsquo;<strong>Issa Diop<\/strong>, d\u00e9fenseur central de <strong>Fulham<\/strong>, circule avec insistance dans les couloirs de la Beaujoire, comme l&rsquo;a r\u00e9v\u00e9l\u00e9 Ouest-France. \u00c0 premi\u00e8re vue, ce profil exp\u00e9riment\u00e9, ancien pensionnaire de <strong>Ligue 1<\/strong> et apparemment disponible, pr\u00e9sente tous les atouts pour renforcer une d\u00e9fense nantaise en qu\u00eate de stabilit\u00e9. Cependant, derri\u00e8re cette opportunit\u00e9 all\u00e9chante se cachent des obstacles financiers majeurs qui transforment cette piste en v\u00e9ritable mirage pour les Canaris. La r\u00e9alit\u00e9 \u00e9conomique du football moderne rattrape rapidement les ambitions sportives, et le dossier <strong>Diop<\/strong> illustre parfaitement les contraintes budg\u00e9taires qui limitent les possibilit\u00e9s de recrutement du club de la Loire-Atlantique.<\/p>\n<p>                                <img decoding=\"async\" src=\"https:\/\/www.europesays.com\/fr\/wp-content\/uploads\/2025\/04\/1744123449_543_logo.png\" alt=\"Logo\"\/><\/p>\n<p>100\u20ac offerts sur ton 1er pari !<\/p>\n<p>                            <a href=\"https:\/\/www.score.fr\/redirection\/1\/\" class=\"headband-button\" target=\"_blank\" rel=\"noopener\">J&rsquo;en profite<\/a><\/p>\n<p>                                                                <img loading=\"lazy\" decoding=\"async\" src=\"https:\/\/www.europesays.com\/fr\/wp-content\/uploads\/2025\/12\/mercato-nantes-une-piste-trop-ambitieuse-deja-mise-de-cote-par-le-fcn.jpg\" alt=\"Illustration : &quot;Mercato Nantes : Une piste trop ambitieuse d\u00e9j\u00e0 mise de c\u00f4t\u00e9 par le FCN ?&quot;\" class=\"figure-img img-fluid\" width=\"780\" height=\"478\"\/><\/p>\n<p>                                    \u00a9 Site officiel du FC Nantes                                <\/p>\n<p>Un profil id\u00e9al mais des conditions financi\u00e8res prohibitives<\/p>\n<p>\u00c0 <strong>28 ans<\/strong>, <strong>Issa Diop<\/strong> n&rsquo;est certes plus le jeune espoir r\u00e9v\u00e9l\u00e9 au <strong>Toulouse FC<\/strong>, mais il demeure un d\u00e9fenseur central aguerri dont l&rsquo;exp\u00e9rience en Premier League pourrait apporter une plus-value consid\u00e9rable \u00e0 l&rsquo;effectif nantais. Ses qualit\u00e9s de puissance, de leadership et de rigueur tactique correspondent exactement aux besoins identifi\u00e9s par le staff technique des Canaris. Malheureusement pour Nantes, le joueur traverse une p\u00e9riode difficile \u00e0 <strong>Fulham<\/strong>, o\u00f9 <strong>Marco Silva<\/strong> ne compte plus sur ses services. Avec seulement <strong>quatre apparitions<\/strong> cette saison pour \u00e0 peine <strong>229 minutes de jeu<\/strong> en championnat, le signal envoy\u00e9 par l&rsquo;entra\u00eeneur portugais est sans \u00e9quivoque. Cependant, cette mise \u00e0 l&rsquo;\u00e9cart ne facilite pas automatiquement un d\u00e9part, car <strong>Fulham<\/strong> valorise toujours son d\u00e9fenseur autour de <strong>10 millions d&rsquo;euros<\/strong>, une somme d\u00e9j\u00e0 consid\u00e9rable pour le budget hivernal nantais. Le v\u00e9ritable point de blocage r\u00e9side dans l&rsquo;aspect salarial, puisque l&rsquo;ancien Toulousain per\u00e7oit plus de <strong>4,1 millions d&rsquo;euros annuels<\/strong>, un niveau totalement incompatible avec la grille salariale des Canaris.<\/p>\n<p>Des obstacles contractuels insurmontables<\/p>\n<p>La situation contractuelle d&rsquo;<strong>Issa Diop<\/strong> complique davantage les n\u00e9gociations potentielles. Son contrat avec <strong>Fulham<\/strong> court jusqu&rsquo;en <strong>2027<\/strong>, ce qui \u00e9limine toute pression temporelle susceptible de favoriser un d\u00e9part \u00e0 conditions avantageuses. Le club londonien n&rsquo;a aucune urgence \u00e0 brader ses actifs, m\u00eame ceux qui \u00e9voluent en marge de l&rsquo;\u00e9quipe premi\u00e8re. Cette stabilit\u00e9 contractuelle renforce la position de force des Cottagers dans d&rsquo;\u00e9ventuelles discussions. Pour le <strong>FC Nantes<\/strong>, qui navigue dans des eaux financi\u00e8res d\u00e9licates, la marge de man\u0153uvre demeure inexistante face \u00e0 de telles exigences. L&rsquo;hypoth\u00e8se d&rsquo;un pr\u00eat, souvent \u00e9voqu\u00e9e dans ce type de situation, ne r\u00e9sout pas fondamentalement le probl\u00e8me salarial. Un pr\u00eat sec laisserait la question des \u00e9moluments en suspens, tandis qu&rsquo;un pr\u00eat avec option d&rsquo;achat ne ferait que reporter les difficult\u00e9s financi\u00e8res \u00e0 l&rsquo;\u00e9t\u00e9 prochain. Dans un contexte o\u00f9 chaque euro est scrut\u00e9 \u00e0 la loupe, les dirigeants nantais ne peuvent se permettre un investissement aussi risqu\u00e9, m\u00eame temporaire.<\/p>\n<p>Une r\u00e9alit\u00e9 budg\u00e9taire qui impose des choix pragmatiques<\/p>\n<p>Le dossier <strong>Issa Diop<\/strong> illustre parfaitement la dichotomie entre ambitions sportives et contraintes \u00e9conomiques dans le football contemporain. Bien que le profil du d\u00e9fenseur fran\u00e7ais coche toutes les cases d&rsquo;un point de vue technique et tactique, la r\u00e9alit\u00e9 budg\u00e9taire impose ses propres r\u00e8gles. Les Canaris devront vraisemblablement se tourner vers des alternatives plus modestes, certes moins prestigieuses, mais surtout plus compatibles avec leurs moyens financiers limit\u00e9s. Cette situation refl\u00e8te les d\u00e9fis auxquels font face de nombreux clubs de <strong>Ligue 1<\/strong> face \u00e0 l&rsquo;inflation des salaires et des indemnit\u00e9s de transfert. Pour <strong>Issa Diop<\/strong>, cette piste nantaise restera probablement une opportunit\u00e9 manqu\u00e9e, symbole d&rsquo;un march\u00e9 des transferts o\u00f9 les consid\u00e9rations \u00e9conomiques priment souvent sur la logique sportive pure.<\/p>\n<p><strong>Ce dimanche 4 janvier, le FC Nantes d\u00e9fie l\u2019OM dans son V\u00e9lodrome pour cr\u00e9er la sensation en cette nouvelle ann\u00e9e. \u00c0 cette occasion, profitez de 100\u20ac offerts pour votre premi\u00e8re inscription sur Parions Sport en Ligne. Les Canaris limitent la casse \u00e0 Marseille ?<\/strong><a href=\"https:\/\/www.score.fr\/redirection\/1\/\" target=\"_blank\" rel=\"noopener\"><strong> Pariez sur une victoire, un match nul ou une d\u00e9faite de maximum un but d\u2019\u00e9cart du FC Nantes \u00e0 l\u2019OM vous rapporte jusqu\u2019\u00e0 210 \u20ac !<\/strong><\/a><\/p>\n<p><strong>Pour en profiter, c\u2019est tr\u00e8s simple :<\/strong><\/p>\n<p><strong>&#8211; Cr\u00e9ez votre compte joueur en seulement 2 \u00e9tapes <\/strong><a href=\"https:\/\/www.score.fr\/redirection\/1\/\" target=\"_blank\" rel=\"noopener\"><strong>ici<\/strong><\/a><\/p>\n<p><strong>&#8211; R\u00e9alisez votre 1er d\u00e9p\u00f4t puis placez votre 1er pari (Minimum 5\u20ac)<\/strong><\/p>\n<p><strong>&#8211; Une fois votre 1er d\u00e9p\u00f4t et votre 1er pari r\u00e9alis\u00e9s, l\u2019int\u00e9gralit\u00e9 du montant de ce 1er pari sera cr\u00e9dit\u00e9e sur votre compte joueur dans la limite de 100\u20ac maximum et sous la forme de cr\u00e9dits de jeu non retirables. Le cr\u00e9dit s\u2019effectuera alors en une seule \u00e9tape et sous 3 jours<\/strong><\/p>\n<p><strong>Jouer comporte des risques : endettement, d\u00e9pendance\u2026 Appelez le 09 74 75 13 13 (appel non surtax\u00e9)<\/strong><\/p>\n","protected":false},"excerpt":{"rendered":"Publi\u00e9 le 29\/12\/2025 \u00e0 16h16 3 minutes de lecture F\u00e9ru de sport et plus particuli\u00e8rement de ballon rond&hellip;\n","protected":false},"author":2,"featured_media":628620,"comment_status":"","ping_status":"","sticky":false,"template":"","format":"standard","meta":{"footnotes":""},"categories":[2818],"tags":[1111,11,1777,674,1011,27,766,12,2636,25],"class_list":{"0":"post-628619","1":"post","2":"type-post","3":"status-publish","4":"format-standard","5":"has-post-thumbnail","7":"category-nantes","8":"tag-actu","9":"tag-actualites","10":"tag-eu","11":"tag-europe","12":"tag-fr","13":"tag-france","14":"tag-nantes","15":"tag-news","16":"tag-pays-de-la-loire","17":"tag-republique-francaise"},"share_on_mastodon":{"url":"https:\/\/pubeurope.com\/@fr\/115805348495134432","error":""},"_links":{"self":[{"href":"https:\/\/www.europesays.com\/fr\/wp-json\/wp\/v2\/posts\/628619","targetHints":{"allow":["GET"]}}],"collection":[{"href":"https:\/\/www.europesays.com\/fr\/wp-json\/wp\/v2\/posts"}],"about":[{"href":"https:\/\/www.europesays.com\/fr\/wp-json\/wp\/v2\/types\/post"}],"author":[{"embeddable":true,"href":"https:\/\/www.europesays.com\/fr\/wp-json\/wp\/v2\/users\/2"}],"replies":[{"embeddable":true,"href":"https:\/\/www.europesays.com\/fr\/wp-json\/wp\/v2\/comments?post=628619"}],"version-history":[{"count":0,"href":"https:\/\/www.europesays.com\/fr\/wp-json\/wp\/v2\/posts\/628619\/revisions"}],"wp:featuredmedia":[{"embeddable":true,"href":"https:\/\/www.europesays.com\/fr\/wp-json\/wp\/v2\/media\/628620"}],"wp:attachment":[{"href":"https:\/\/www.europesays.com\/fr\/wp-json\/wp\/v2\/media?parent=628619"}],"wp:term":[{"taxonomy":"category","embeddable":true,"href":"https:\/\/www.europesays.com\/fr\/wp-json\/wp\/v2\/categories?post=628619"},{"taxonomy":"post_tag","embeddable":true,"href":"https:\/\/www.europesays.com\/fr\/wp-json\/wp\/v2\/tags?post=628619"}],"curies":[{"name":"wp","href":"https:\/\/api.w.org\/{rel}","templated":true}]}}