{"id":628621,"date":"2025-12-29T23:01:09","date_gmt":"2025-12-29T23:01:09","guid":{"rendered":"https:\/\/www.europesays.com\/fr\/628621\/"},"modified":"2025-12-29T23:01:09","modified_gmt":"2025-12-29T23:01:09","slug":"video-un-incendie-dans-le-restaurant-le-noailles-en-plein-centre-de-bordeaux","status":"publish","type":"post","link":"https:\/\/www.europesays.com\/fr\/628621\/","title":{"rendered":"Vid\u00e9o. Un incendie dans le restaurant Le Noailles, en plein centre de Bordeaux"},"content":{"rendered":"<p>Une centaine de personnes \u2013 des clients et des habitants des douze appartements dans les \u00e9tages de l\u2019\u00e9difice \u2013 ont \u00e9t\u00e9 \u00e9vacu\u00e9es. Outre le Noailles, un deuxi\u00e8me commerce a \u00e9galement \u00e9t\u00e9 \u00e9vacu\u00e9. \u00c0\u00a023\u00a0heures, le sinistre \u00e9tait toujours en cours et d\u2019importants moyens restaient mobilis\u00e9s, dont cinq lances et une cinquantaine de pompiers. Les all\u00e9es de Tourny \u00e9taient ferm\u00e9es \u00e0 la circulation, le temps de l\u2019intervention.<\/p>\n","protected":false},"excerpt":{"rendered":"Une centaine de personnes \u2013 des clients et des habitants des douze appartements dans les \u00e9tages de l\u2019\u00e9difice&hellip;\n","protected":false},"author":2,"featured_media":628622,"comment_status":"","ping_status":"","sticky":false,"template":"","format":"standard","meta":{"footnotes":""},"categories":[2817],"tags":[1111,11,1997,1777,674,1011,27,12,2219,25],"class_list":{"0":"post-628621","1":"post","2":"type-post","3":"status-publish","4":"format-standard","5":"has-post-thumbnail","7":"category-bordeaux","8":"tag-actu","9":"tag-actualites","10":"tag-bordeaux","11":"tag-eu","12":"tag-europe","13":"tag-fr","14":"tag-france","15":"tag-news","16":"tag-nouvelle-aquitaine","17":"tag-republique-francaise"},"share_on_mastodon":{"url":"https:\/\/pubeurope.com\/@fr\/115805348607208181","error":""},"_links":{"self":[{"href":"https:\/\/www.europesays.com\/fr\/wp-json\/wp\/v2\/posts\/628621","targetHints":{"allow":["GET"]}}],"collection":[{"href":"https:\/\/www.europesays.com\/fr\/wp-json\/wp\/v2\/posts"}],"about":[{"href":"https:\/\/www.europesays.com\/fr\/wp-json\/wp\/v2\/types\/post"}],"author":[{"embeddable":true,"href":"https:\/\/www.europesays.com\/fr\/wp-json\/wp\/v2\/users\/2"}],"replies":[{"embeddable":true,"href":"https:\/\/www.europesays.com\/fr\/wp-json\/wp\/v2\/comments?post=628621"}],"version-history":[{"count":0,"href":"https:\/\/www.europesays.com\/fr\/wp-json\/wp\/v2\/posts\/628621\/revisions"}],"wp:featuredmedia":[{"embeddable":true,"href":"https:\/\/www.europesays.com\/fr\/wp-json\/wp\/v2\/media\/628622"}],"wp:attachment":[{"href":"https:\/\/www.europesays.com\/fr\/wp-json\/wp\/v2\/media?parent=628621"}],"wp:term":[{"taxonomy":"category","embeddable":true,"href":"https:\/\/www.europesays.com\/fr\/wp-json\/wp\/v2\/categories?post=628621"},{"taxonomy":"post_tag","embeddable":true,"href":"https:\/\/www.europesays.com\/fr\/wp-json\/wp\/v2\/tags?post=628621"}],"curies":[{"name":"wp","href":"https:\/\/api.w.org\/{rel}","templated":true}]}}