{"id":628623,"date":"2025-12-29T23:02:12","date_gmt":"2025-12-29T23:02:12","guid":{"rendered":"https:\/\/www.europesays.com\/fr\/628623\/"},"modified":"2025-12-29T23:02:12","modified_gmt":"2025-12-29T23:02:12","slug":"pres-de-bordeaux-cette-commune-offre-un-parking-gratuit-et-securise-pour-le-reveillon-du-nouvel-an","status":"publish","type":"post","link":"https:\/\/www.europesays.com\/fr\/628623\/","title":{"rendered":"Pr\u00e8s de Bordeaux, cette commune offre un parking gratuit et s\u00e9curis\u00e9 pour le r\u00e9veillon du nouvel an"},"content":{"rendered":"<p>                    Par<br \/>\n        <strong><br \/>\n            <a href=\"https:\/\/actu.fr\/auteur\/sports33\" title=\"Consulter tous les articles de Nicolas Gosselin\" target=\"_blank\" rel=\"noopener\">Nicolas Gosselin<\/a><br \/>\n                    <\/strong><\/p>\n<p>        Publi\u00e9 le<\/p>\n<p>            29 d\u00e9c. 2025 \u00e0 17h03        <\/p>\n<p>Pour mettre les<strong> voitures \u00e0 l\u2019abri des d\u00e9gradations<\/strong> durant la nuit de la Saint-Sylvestre, la mairie de <a href=\"https:\/\/actu.fr\/nouvelle-aquitaine\/lormont_33249\" target=\"_blank\" rel=\"noopener\">Lormont<\/a> propose \u00e0 ses administr\u00e9s une <a href=\"https:\/\/actu.fr\/tag\/stationnement\" target=\"_blank\" rel=\"noopener\">solution de stationnement gratuit<\/a> au parc-relais Buttini\u00e8re <strong>(places r\u00e9serv\u00e9es et parking gardienn\u00e9)<\/strong>.<\/p>\n<p class=\" wall-content\">La municipalit\u00e9 explique que les usagers pourront d\u00e9poser leur v\u00e9hicule le mercredi 31 d\u00e9cembre \u00e0 partir de 16 heures et le r\u00e9cup\u00e9rer le 1er janvier (sans limite d\u2019horaires).<\/p>\n<p class=\" wall-content\">D\u00e9j\u00e0 en place l\u2019an dernier, <strong>ce dispositif de pr\u00e9vention avait profit\u00e9 \u00e0 170 v\u00e9hicules<\/strong>. Pour en b\u00e9n\u00e9ficier, il suffit de se pr\u00e9senter directement \u00e0 l\u2019entr\u00e9e du parking le jour J, muni d\u2019un justificatif de domicile.<\/p>\n<p>Des mesures exceptionnelles<\/p>\n<p class=\" wall-content\">Pour le r\u00e9veillon du nouvel an, la commune de Lormont met en place un<strong> dispositif sp\u00e9cial<\/strong> avec d\u2019autres<strong> mesures exceptionnelles<\/strong> comme l\u2019interdiction de circulation pour les mineurs non accompagn\u00e9s d\u2019un parent ou d\u2019un repr\u00e9sentant de l\u2019autorit\u00e9 parentale.<\/p>\n<p class=\" wall-content\">Elle est valable \u00e0 partir de 20 heures le 31 d\u00e9cembre et jusqu\u2019au lendemain matin, uniquement dans les quartiers Alpilles, G\u00e9nicart, Bois Fleuri, Ramade, Carriet et Grand Tressan. Les contrevenants s\u2019exposent \u00e0 une verbalisation. Comme pour la d\u00e9tention ou l\u2019utilisation de <strong>cartouches de gaz de protoxyde d\u2019azote<\/strong>, \u00e0 des fins de gaz hilarant.<\/p>\n<p class=\" wall-content\">Aussi, la circulation et le stationnement sont interdits rue des Arts (dans sa totalit\u00e9) et avenue de la Lib\u00e9ration (entre les giratoires Garosses et Gravi\u00e8res) du mercredi 31 d\u00e9cembre 2025 d\u00e8s 14 heures au jeudi 1er janvier 2026, 9 heures.<\/p>\n<p>Pour plus d\u2019informations, contactez le bureau de la police municipale au 08.09.54.01.33.<\/p>\n<p class=\" wall-content\">Personnalisez votre actualit\u00e9 en ajoutant vos villes et m\u00e9dias en favori avec <a href=\"https:\/\/moncompte.actu.fr\" title=\"D\u00e9couvez Mon Actu\" rel=\"nofollow noopener\" data-trk=\"{&quot;cta&quot;:{&quot;action&quot;:&quot;https:\\\/\\\/moncompte.actu.fr&quot;,&quot;category&quot;:&quot;mon compte&quot;,&quot;from&quot;:&quot;article footer&quot;,&quot;name&quot;:&quot;Mon actu&quot;,&quot;type&quot;:&quot;cta&quot;}}\" target=\"_blank\">Mon Actu<\/a>.<\/p>\n","protected":false},"excerpt":{"rendered":"Par Nicolas Gosselin Publi\u00e9 le 29 d\u00e9c. 2025 \u00e0 17h03 Pour mettre les voitures \u00e0 l\u2019abri des d\u00e9gradations&hellip;\n","protected":false},"author":2,"featured_media":628624,"comment_status":"","ping_status":"","sticky":false,"template":"","format":"standard","meta":{"footnotes":""},"categories":[2817],"tags":[1111,11,1997,1777,674,1011,27,12,2219,1072,25,104,6173],"class_list":{"0":"post-628623","1":"post","2":"type-post","3":"status-publish","4":"format-standard","5":"has-post-thumbnail","7":"category-bordeaux","8":"tag-actu","9":"tag-actualites","10":"tag-bordeaux","11":"tag-eu","12":"tag-europe","13":"tag-fr","14":"tag-france","15":"tag-news","16":"tag-nouvelle-aquitaine","17":"tag-police","18":"tag-republique-francaise","19":"tag-societe","20":"tag-stationnement"},"share_on_mastodon":{"url":"https:\/\/pubeurope.com\/@fr\/115805352363061294","error":""},"_links":{"self":[{"href":"https:\/\/www.europesays.com\/fr\/wp-json\/wp\/v2\/posts\/628623","targetHints":{"allow":["GET"]}}],"collection":[{"href":"https:\/\/www.europesays.com\/fr\/wp-json\/wp\/v2\/posts"}],"about":[{"href":"https:\/\/www.europesays.com\/fr\/wp-json\/wp\/v2\/types\/post"}],"author":[{"embeddable":true,"href":"https:\/\/www.europesays.com\/fr\/wp-json\/wp\/v2\/users\/2"}],"replies":[{"embeddable":true,"href":"https:\/\/www.europesays.com\/fr\/wp-json\/wp\/v2\/comments?post=628623"}],"version-history":[{"count":0,"href":"https:\/\/www.europesays.com\/fr\/wp-json\/wp\/v2\/posts\/628623\/revisions"}],"wp:featuredmedia":[{"embeddable":true,"href":"https:\/\/www.europesays.com\/fr\/wp-json\/wp\/v2\/media\/628624"}],"wp:attachment":[{"href":"https:\/\/www.europesays.com\/fr\/wp-json\/wp\/v2\/media?parent=628623"}],"wp:term":[{"taxonomy":"category","embeddable":true,"href":"https:\/\/www.europesays.com\/fr\/wp-json\/wp\/v2\/categories?post=628623"},{"taxonomy":"post_tag","embeddable":true,"href":"https:\/\/www.europesays.com\/fr\/wp-json\/wp\/v2\/tags?post=628623"}],"curies":[{"name":"wp","href":"https:\/\/api.w.org\/{rel}","templated":true}]}}