{"id":628631,"date":"2025-12-29T23:07:14","date_gmt":"2025-12-29T23:07:14","guid":{"rendered":"https:\/\/www.europesays.com\/fr\/628631\/"},"modified":"2025-12-29T23:07:14","modified_gmt":"2025-12-29T23:07:14","slug":"importante-saisie-de-drogue-et-arrestations-multiples-pendant-la-periode-des-fetes-a-marseille","status":"publish","type":"post","link":"https:\/\/www.europesays.com\/fr\/628631\/","title":{"rendered":"Importante saisie de drogue et arrestations multiples pendant la p\u00e9riode des f\u00eates \u00e0 Marseille"},"content":{"rendered":"<p>Pas de tr\u00eave des confiseurs chez les trafiquants de drogue. Mais pas davantage d\u2019armistice du c\u00f4t\u00e9 des forces de l\u2019ordre. Plus de 4\u00a0kg de produits stup\u00e9fiants ont \u00e9t\u00e9 saisis le week-end dernier dans la cit\u00e9 phoc\u00e9enne et quatre individus ont \u00e9t\u00e9 interpell\u00e9s, les uns dans le 13e arrondissement de Marseille, un autre dans le 5e. Ce dernier a donn\u00e9 du fil \u00e0 retordre aux policiers et des sueurs froides \u00e0 quelques automobilistes samedi soir entre la place Castellane et le boulevard Jean-Moulin. Il est 18 heures ce 27 d\u00e9cembre, un \u00e9quipage du GSP (groupe de s\u00e9curit\u00e9 de proximit\u00e9) effectue des \u00ab\u00a0contr\u00f4les en dynamique\u00a0\u00bb et sillonne le <a href=\"https:\/\/www.laprovence.com\/article\/faits-divers-justice\/6281585633134714\/marseille-roulant-a-contre-sens-pour-fuir-la-police-le-livreur-uber-shit-percute-une-voiture\" target=\"_blank\" rel=\"noopener\">boulevard Sakakini<\/a> lorsque les policiers avisent un automobiliste qui tient son t\u00e9l\u00e9phone portable d\u2019une main et le volant de l\u2019autre. Ils suivent alors la Clio du contrevenant jusque sur le boulevard Baille et se portent \u00e0 sa hauteur pour lui signifier de se ranger sur le bas-c\u00f4t\u00e9.<\/p>\n<p>Dans sa fuite, il percute un automobiliste<\/p>\n<p>Mais le conducteur ne l\u2019entend pas de cette oreille, pas plus qu\u2019il n\u2019obtemp\u00e8re aux injonctions d\u2019un des fonctionnaires qui, depuis le si\u00e8ge passager du v\u00e9hicule de police, baisse la vitre pour lui demander de s\u2019arr\u00eater. Pied au plancher, l\u2019automobiliste retors ignore le deux-tons comme le gyrophare et file vers la <a href=\"https:\/\/www.laprovence.com\/article\/region\/46130609459605\/le-nouvelle-place-castellane-inauguree-en-fanfare-ce-samedi-a-marseille\" target=\"_blank\" rel=\"noopener\">place Castellan<\/a>e avant de piler et d\u2019effectuer une marche arri\u00e8re pour repartir vers le boulevard Sakakini. Dans sa fuite, il grille all\u00e8grement plusieurs feux rouges et met plusieurs automobilistes en danger avant de percuter l\u2019un d\u2019entre eux qui circulait en sens oppos\u00e9 sur le boulevard Jean Moulin. Un accrochage qui n\u2019a pas fait de bless\u00e9, mais immobilis\u00e9 la Clio et cons\u00e9quemment le fuyard qui a donc pu \u00eatre interpell\u00e9.<\/p>\n<p>La fouille de son v\u00e9hicule a rapidement permis aux policiers du <a href=\"https:\/\/www.laprovence.com\/article\/region\/5863580577873514\/le-groupe-de-securite-de-proximite-du-commissariat-de-baucaire-tarascon-conforte-par-le-prefet-de-police\" target=\"_blank\" rel=\"noopener\">GSP<\/a> de s\u2019expliquer son empressement \u00e0 se soustraire \u00e0 un contr\u00f4le routier\u00a0: l\u2019individu convoyait tout un panachage de produits stup\u00e9fiants\u2026 Dans un cabas de courses, les fonctionnaires en effet d\u00e9couvert 2,7\u00a0kg de r\u00e9sine de cannabis conditionn\u00e9e en savonnettes, de l\u2019herbe, mais aussi 40 grammes de <a href=\"https:\/\/www.laprovence.com\/article\/faits-divers-justice\/7371351611741\/la-cocaine-devient-le-premier-marche-des-drogues-illicites-devant-le-cannabis\" target=\"_blank\" rel=\"noopener\">coca\u00efne<\/a>, des cachets d\u2019amph\u00e9tamines et 3\u00a0000\u00a0euros en argent liquide. Plac\u00e9 en garde \u00e0 vue, cet homme de 44\u00a0ans a \u00e9t\u00e9 d\u00e9f\u00e9r\u00e9 devant un magistrat ce lundi en vue d\u2019une comparution imm\u00e9diate.<\/p>\n<p>Le lendemain dimanche 28\u00a0d\u00e9cembre, c\u2019est aux Oliviers A, dans le 13e arrondissement de Marseille, que les policiers ont perturb\u00e9 le commerce illicite et mortif\u00e8re qui s\u2019y pratique \u00e0 coups de flyers promotionnels indiquant sans vergogne les offres en cours du 25 au 31\u00a0d\u00e9cembre\u00a02025. Vers 19\u00a0heures d\u2019abord, ce sont la <a href=\"https:\/\/www.laprovence.com\/article\/faits-divers-justice\/6479984146466314\/la-drogue-devait-etre-ventilee-sur-la-cite-du-mail-pres-de-3-5-kg-de-cocaine-saisis-par-la-police-a-marseille\" target=\"_blank\" rel=\"noopener\">BST<\/a> (brigade sp\u00e9cialis\u00e9e de terrain) et la BAC (brigade anticriminalit\u00e9) qui ont ouvert le bal en interpellant un homme de 26\u00a0ans qui avait tent\u00e9 de prendre la fuite \u00e0 leur vue tout en se d\u00e9barrassant d\u2019un sac lest\u00e9 de 330 grammes de cannabis, 42 grammes de coca\u00efne et 500\u00a0euros d\u2019argent liquide.<\/p>\n<p>Cannabis et coca\u00efne jet\u00e9s par la fen\u00eatre<\/p>\n<p>Moins de deux heures plus tard, c\u2019est carr\u00e9ment par la fen\u00eatre d\u2019un appartement nourrice de ces m\u00eames Oliviers A que deux individus ont pr\u00e9cipit\u00e9 leur marchandise compromettante, pensant ainsi infliger un chou blanc aux policiers de la <a href=\"https:\/\/www.laprovence.com\/article\/faits-divers-justice\/1012858508048715\/a-marseille-la-crs-de-nouvelle-generation-fete-ses-deux-ans-dexistence\" target=\"_blank\" rel=\"noopener\">CRS 81<\/a> et \u00e0 leurs chiens qui avaient grimp\u00e9 dans les \u00e9tages du b\u00e2timent. Mais la surveillance polici\u00e8re exerc\u00e9e simultan\u00e9ment sur les ext\u00e9rieurs des immeubles avec vue imprenable sur ce qui pouvait \u00eatre jet\u00e9 d\u2019un balcon, leur a co\u00fbt\u00e9 une interpellation en bonne et due forme en d\u00e9pit des manifestations rebelles d\u2019un des mis en cause, ainsi que la saisie de 330 grammes de r\u00e9sine de cannabis et 15 grammes de coca\u00efne.<\/p>\n<p>\u00c2g\u00e9s de 29\u00a0ans et 35\u00a0ans, les deux hommes ont \u00e9t\u00e9 plac\u00e9s en garde \u00e0 vue.<\/p>\n","protected":false},"excerpt":{"rendered":"Pas de tr\u00eave des confiseurs chez les trafiquants de drogue. Mais pas davantage d\u2019armistice du c\u00f4t\u00e9 des forces&hellip;\n","protected":false},"author":2,"featured_media":628632,"comment_status":"","ping_status":"","sticky":false,"template":"","format":"standard","meta":{"footnotes":""},"categories":[2814],"tags":[17,73793,1111,11,1052,1777,674,274,1011,27,884,12,6202,55869,378,882,25,17491],"class_list":{"0":"post-628631","1":"post","2":"type-post","3":"status-publish","4":"format-standard","5":"has-post-thumbnail","7":"category-marseille","8":"tag-17","9":"tag-4-kg","10":"tag-actu","11":"tag-actualites","12":"tag-drogue","13":"tag-eu","14":"tag-europe","15":"tag-faits-divers-justice","16":"tag-fr","17":"tag-france","18":"tag-marseille","19":"tag-news","20":"tag-pendant","21":"tag-periode","22":"tag-plus","23":"tag-provence-alpes-cote-dazur","24":"tag-republique-francaise","25":"tag-saisis"},"share_on_mastodon":{"url":"https:\/\/pubeurope.com\/@fr\/115805371976266572","error":""},"_links":{"self":[{"href":"https:\/\/www.europesays.com\/fr\/wp-json\/wp\/v2\/posts\/628631","targetHints":{"allow":["GET"]}}],"collection":[{"href":"https:\/\/www.europesays.com\/fr\/wp-json\/wp\/v2\/posts"}],"about":[{"href":"https:\/\/www.europesays.com\/fr\/wp-json\/wp\/v2\/types\/post"}],"author":[{"embeddable":true,"href":"https:\/\/www.europesays.com\/fr\/wp-json\/wp\/v2\/users\/2"}],"replies":[{"embeddable":true,"href":"https:\/\/www.europesays.com\/fr\/wp-json\/wp\/v2\/comments?post=628631"}],"version-history":[{"count":0,"href":"https:\/\/www.europesays.com\/fr\/wp-json\/wp\/v2\/posts\/628631\/revisions"}],"wp:featuredmedia":[{"embeddable":true,"href":"https:\/\/www.europesays.com\/fr\/wp-json\/wp\/v2\/media\/628632"}],"wp:attachment":[{"href":"https:\/\/www.europesays.com\/fr\/wp-json\/wp\/v2\/media?parent=628631"}],"wp:term":[{"taxonomy":"category","embeddable":true,"href":"https:\/\/www.europesays.com\/fr\/wp-json\/wp\/v2\/categories?post=628631"},{"taxonomy":"post_tag","embeddable":true,"href":"https:\/\/www.europesays.com\/fr\/wp-json\/wp\/v2\/tags?post=628631"}],"curies":[{"name":"wp","href":"https:\/\/api.w.org\/{rel}","templated":true}]}}