{"id":628670,"date":"2025-12-29T23:30:10","date_gmt":"2025-12-29T23:30:10","guid":{"rendered":"https:\/\/www.europesays.com\/fr\/628670\/"},"modified":"2025-12-29T23:30:10","modified_gmt":"2025-12-29T23:30:10","slug":"atp-kafelnikov-sur-la-separation-entre-alcaraz-et-ferrero-je-ne-connais-pas-les-antecedents-du-pere-de-carlos-mais-je-nai-jamais-apprecie-ce-genre-de-comportement-la-plus-grosse-erreur-cest","status":"publish","type":"post","link":"https:\/\/www.europesays.com\/fr\/628670\/","title":{"rendered":"ATP > Kafelnikov, sur la s\u00e9paration entre Alcaraz et Ferrero : \u00ab\u00a0Je ne connais pas les ant\u00e9c\u00e9dents du p\u00e8re de Carlos, mais je n&rsquo;ai jamais appr\u00e9ci\u00e9 ce genre de comportement. La plus grosse erreur, c&rsquo;est quand les parents s&rsquo;immiscent dans le parcours du joueur\u00a0\u00bb"},"content":{"rendered":"<p>Invit\u00e9 par nos confr\u00e8res de <a href=\"https:\/\/www.claytenis.com\/entrevistas\/yevgeny-kafelnikov-alcaraz-ferrero-entrevista\/\" data-wpel-link=\"external\" target=\"_blank\" rel=\"nofollow external noopener\">Clay<\/a> \u00e0 s\u2019ex\u00adprimer sur la r\u00e9cente s\u00e9pa\u00adra\u00adtion entre Carlos Alcaraz et Juan Carlos Ferrero, Ievgueni Kafelnikov, ancien num\u00e9ro 1 mondial et obser\u00adva\u00adteur tr\u00e8s attentif du circuit, a estim\u00e9 que le poids trop impor\u00adtant du p\u00e8re du joueur dans la prise de d\u00e9ci\u00adsion \u00e9tait un probl\u00e8me.\u00a0<\/p>\n<p><strong>\u00ab\u202fLa plus grosse erreur, c\u2019est quand les parents s\u2019im\u00admiscent dans le parcours du joueur. Je ne connais pas les ant\u00e9\u00adc\u00e9\u00addents du p\u00e8re de Carlos, mais je n\u2019ai jamais appr\u00e9ci\u00e9 ce genre de compor\u00adte\u00adment. Dans ma famille, par exemple, c\u2019\u00e9tait moi qui prenais toutes les d\u00e9ci\u00adsions. Mon p\u00e8re ne s\u2019est jamais m\u00eal\u00e9 de mes d\u00e9penses, que ce soit concer\u00adnant le salaire de mon entra\u00ee\u00adneur ou mes achats. D\u2019apr\u00e8s ce que j\u2019ai entendu, il y a eu une grosse dispute entre Juan Carlos et son p\u00e8re. J\u2019ai toujours dit que ce genre de situa\u00adtion a un impact n\u00e9gatif sur le joueur. Carlos est un adulte\u202f; c\u2019est lui qui peut d\u00e9cider main\u00adte\u00adnant. Je ne comprends pas pour\u00adquoi il n\u2019a pas simple\u00adment dit \u00e0 son p\u00e8re\u00a0: \u00ab\u202f\u00c9coute, \u00e7a me regarde. On a connu beau\u00adcoup de succ\u00e8s ensemble, on a gagn\u00e9 de nombreux Grands Chelems, on a gagn\u00e9 beau\u00adcoup d\u2019argent\u2026\u00a0\u00bb C\u2019est un peu d\u00e9cevant.\u202f\u00bb<br \/><\/strong><\/p>\n<p class=\"post-published-date\" style=\"color: silver; font-size: 75%; text-align: left;\">Publi\u00e9 le lundi 29 d\u00e9cembre 2025 \u00e0 19:45<\/p>\n","protected":false},"excerpt":{"rendered":"Invit\u00e9 par nos confr\u00e8res de Clay \u00e0 s\u2019ex\u00adprimer sur la r\u00e9cente s\u00e9pa\u00adra\u00adtion entre Carlos Alcaraz et Juan Carlos&hellip;\n","protected":false},"author":2,"featured_media":628671,"comment_status":"","ping_status":"","sticky":false,"template":"","format":"standard","meta":{"footnotes":""},"categories":[1415],"tags":[1744,7275,1011,27,60,1467],"class_list":{"0":"post-628670","1":"post","2":"type-post","3":"status-publish","4":"format-standard","5":"has-post-thumbnail","7":"category-tennis","8":"tag-alcaraz","9":"tag-ferrero","10":"tag-fr","11":"tag-france","12":"tag-sports","13":"tag-tennis"},"share_on_mastodon":{"url":"https:\/\/pubeurope.com\/@fr\/115805462363776530","error":""},"_links":{"self":[{"href":"https:\/\/www.europesays.com\/fr\/wp-json\/wp\/v2\/posts\/628670","targetHints":{"allow":["GET"]}}],"collection":[{"href":"https:\/\/www.europesays.com\/fr\/wp-json\/wp\/v2\/posts"}],"about":[{"href":"https:\/\/www.europesays.com\/fr\/wp-json\/wp\/v2\/types\/post"}],"author":[{"embeddable":true,"href":"https:\/\/www.europesays.com\/fr\/wp-json\/wp\/v2\/users\/2"}],"replies":[{"embeddable":true,"href":"https:\/\/www.europesays.com\/fr\/wp-json\/wp\/v2\/comments?post=628670"}],"version-history":[{"count":0,"href":"https:\/\/www.europesays.com\/fr\/wp-json\/wp\/v2\/posts\/628670\/revisions"}],"wp:featuredmedia":[{"embeddable":true,"href":"https:\/\/www.europesays.com\/fr\/wp-json\/wp\/v2\/media\/628671"}],"wp:attachment":[{"href":"https:\/\/www.europesays.com\/fr\/wp-json\/wp\/v2\/media?parent=628670"}],"wp:term":[{"taxonomy":"category","embeddable":true,"href":"https:\/\/www.europesays.com\/fr\/wp-json\/wp\/v2\/categories?post=628670"},{"taxonomy":"post_tag","embeddable":true,"href":"https:\/\/www.europesays.com\/fr\/wp-json\/wp\/v2\/tags?post=628670"}],"curies":[{"name":"wp","href":"https:\/\/api.w.org\/{rel}","templated":true}]}}