{"id":628678,"date":"2025-12-29T23:37:22","date_gmt":"2025-12-29T23:37:22","guid":{"rendered":"https:\/\/www.europesays.com\/fr\/628678\/"},"modified":"2025-12-29T23:37:22","modified_gmt":"2025-12-29T23:37:22","slug":"en-images-lannee-2025-en-dordogne-vue-par-stephane-klein-sud-ouest","status":"publish","type":"post","link":"https:\/\/www.europesays.com\/fr\/628678\/","title":{"rendered":"EN IMAGES. L\u2019ann\u00e9e 2025 en Dordogne, vue par St\u00e9phane Klein &#8211; Sud Ouest"},"content":{"rendered":"<ol>\n<li><a href=\"https:\/\/news.google.com\/rss\/articles\/CBMisAFBVV95cUxQVGJjYmx0YkhVcTJSOU5ZVW0yT3cxS0ZwMkdYQVgzU1ZSZTFnMGFLYzVxTklZcG9KUGIyZzRaR25lQUFDX04yVmpNX21EOFhXOFNRRWxuaWR0QVNFVnZBU2ZJUTRGNTViaDdQQWczX2JxNm1nUmdKa0NxRzdnb3RTY2x5dnhBZHlhLXIyQkYtbkt1clBPSVpxQ3RpbDNHeHlYQzVZcXI1eGV4Mi1zLXJ4aA?oc=5\" target=\"_blank\" rel=\"noopener\">EN IMAGES. L\u2019ann\u00e9e 2025 en Dordogne, vue par St\u00e9phane Klein<\/a>&nbsp;&nbsp;Sud Ouest<\/li>\n<li><a href=\"https:\/\/news.google.com\/rss\/articles\/CBMiqgFBVV95cUxNZ0wxWWZQc204NENBQ2dVWkRYOEZjTmgzeFBaM3h2bWs5SFNYQ2VyZjRQZlZ2aEF2cXpKNVVtRWljc1EwWnFIQkhKZ0JIN3FlY1BxeDk5OUpyVEtJeWVOWTZ5TWVjakI5Q3hEOE1DOW5USXdSUXJMY2lpQjZrZXUtNzl3WkZDMUl2X1kyLVRUWE4zTTBKSUVjaWQyX09ERk1EYnQ2TGVYcGFfZw?oc=5\" target=\"_blank\" rel=\"noopener\">EN IMAGES. L\u2019ann\u00e9e 2025 en Dordogne, vue par Philippe Greiller<\/a>&nbsp;&nbsp;Sud Ouest<\/li>\n<li><a href=\"https:\/\/news.google.com\/rss\/articles\/CBMiswFBVV95cUxPR2tuQ21sRzJ4UEpEVU5SY2RDeDNoX2NJWFUtb1dIamQ5UEVtX1h1SHBsR1JKenRiNlJ4bVhWVDFMSHJydUtNNnNmc1FCMFl0MDVvcVM5ODktVzNqTjkzWDV4RF9uVVNoZ2EwdEhiQzZISU9RVHhOcnB1LXZ4cUY0TXBQVldEV0Z4WlloTjlyVFhLVGlndFFEZ05ROUN4aGs2UDF4Y0JuLXRLM0VzbEhGR0pHbw?oc=5\" target=\"_blank\" rel=\"noopener\">Dans le r\u00e9tro : les sports en Dordogne en septembre et octobre 2025<\/a>&nbsp;&nbsp;Dordogne Libre<\/li>\n<li><a href=\"https:\/\/news.google.com\/rss\/articles\/CBMixwFBVV95cUxNQzJXZzFyNHhVQi1wbnFUUmt5TXE5QlZkZlZnYXQ2S1BBSlpIRHlTNWRCTEZCcll2d2xLZUYwdnZndFRoRUZBZmNpNEM0MGFoS29iTlRHRllMTUdhaGtBb3AtRmxwTlRrdERuNmNON21Lc1pGRzFUaEZ3b0NXdjhGOWt1YnQ0YnVZWm5OTVpkcDduVUxteHN0T2c0eUdfd2J2emluSS1aS0ZmSUhFSWJCbWgwSlBmSkdMdm5BTmVQY3lQaXRVcXdF?oc=5\" target=\"_blank\" rel=\"noopener\">R\u00e9tro 2025 : quels sont les \u00e9v\u00e9nements \u00e0 retenir en Dordogne en avril ?<\/a>&nbsp;&nbsp;Dordogne Libre<\/li>\n<li><a href=\"https:\/\/news.google.com\/rss\/articles\/CBMioAJBVV95cUxOSVN2eGk2MTBHUzViUnVzMF95Y2FYYmVCMVBUM1ByXzNwalFVbmNRQVJVRUEta2luQ0hMRm5uU1lKQ01qS2NjTWRRMGFHUm9uTENsd1RIeDh1b1pGUnd6eTVaMm1DZE9ycC1uZDJoam1UY1ZydlhVdW1lZWk5MlAzd242WEs5RlNNNW1pYnBSTmFPT1JQem9jdmRSVGltOEFqUUVKODB0VW4xUWQtdE5Ud01ESmYwdVVNRkREYUh1N2xONGFxWkNacnpmcFlYWDNqMUZodmd0WVZqeWk1VzhmT2l5SkJRSDVCQ3RBdmZVTlk5UFdfcUh4VDJDY293SUdxLTN0ODBIUElPbWRsRnpCa3hGZXgyZm5mdkp2UTlWR08?oc=5\" target=\"_blank\" rel=\"noopener\">R\u00e9tro 2025 : quels sont les \u00e9v\u00e9nements \u00e0 retenir en Dordogne en janvier ?<\/a>&nbsp;&nbsp;Dordogne Libre<\/li>\n<\/ol>\n","protected":false},"excerpt":{"rendered":"EN IMAGES. L\u2019ann\u00e9e 2025 en Dordogne, vue par St\u00e9phane Klein&nbsp;&nbsp;Sud Ouest EN IMAGES. L\u2019ann\u00e9e 2025 en Dordogne, vue&hellip;\n","protected":false},"author":2,"featured_media":628679,"comment_status":"","ping_status":"","sticky":false,"template":"","format":"standard","meta":{"footnotes":""},"categories":[1358],"tags":[1348,1384,1385,1386,58,59,1011,27],"class_list":{"0":"post-628678","1":"post","2":"type-post","3":"status-publish","4":"format-standard","5":"has-post-thumbnail","7":"category-arts-et-design","8":"tag-arts","9":"tag-arts-and-design","10":"tag-arts-et-design","11":"tag-design","12":"tag-divertissement","13":"tag-entertainment","14":"tag-fr","15":"tag-france"},"share_on_mastodon":{"url":"https:\/\/pubeurope.com\/@fr\/115805489961162536","error":""},"_links":{"self":[{"href":"https:\/\/www.europesays.com\/fr\/wp-json\/wp\/v2\/posts\/628678","targetHints":{"allow":["GET"]}}],"collection":[{"href":"https:\/\/www.europesays.com\/fr\/wp-json\/wp\/v2\/posts"}],"about":[{"href":"https:\/\/www.europesays.com\/fr\/wp-json\/wp\/v2\/types\/post"}],"author":[{"embeddable":true,"href":"https:\/\/www.europesays.com\/fr\/wp-json\/wp\/v2\/users\/2"}],"replies":[{"embeddable":true,"href":"https:\/\/www.europesays.com\/fr\/wp-json\/wp\/v2\/comments?post=628678"}],"version-history":[{"count":0,"href":"https:\/\/www.europesays.com\/fr\/wp-json\/wp\/v2\/posts\/628678\/revisions"}],"wp:featuredmedia":[{"embeddable":true,"href":"https:\/\/www.europesays.com\/fr\/wp-json\/wp\/v2\/media\/628679"}],"wp:attachment":[{"href":"https:\/\/www.europesays.com\/fr\/wp-json\/wp\/v2\/media?parent=628678"}],"wp:term":[{"taxonomy":"category","embeddable":true,"href":"https:\/\/www.europesays.com\/fr\/wp-json\/wp\/v2\/categories?post=628678"},{"taxonomy":"post_tag","embeddable":true,"href":"https:\/\/www.europesays.com\/fr\/wp-json\/wp\/v2\/tags?post=628678"}],"curies":[{"name":"wp","href":"https:\/\/api.w.org\/{rel}","templated":true}]}}