{"id":628711,"date":"2025-12-29T23:57:13","date_gmt":"2025-12-29T23:57:13","guid":{"rendered":"https:\/\/www.europesays.com\/fr\/628711\/"},"modified":"2025-12-29T23:57:13","modified_gmt":"2025-12-29T23:57:13","slug":"pau-mhr-les-entames-de-mi-temps-un-sujet-qui-fache-pour-montpellier-qui-laisse-filer-de-precieux-points","status":"publish","type":"post","link":"https:\/\/www.europesays.com\/fr\/628711\/","title":{"rendered":"Pau-MHR\u00a0: les entames de mi-temps, un sujet qui f\u00e2che pour Montpellier qui laisse filer de pr\u00e9cieux points"},"content":{"rendered":"<p>\n                                                                En encaissant 20 points sur ses d\u00e9buts de mi-temps, Montpellier s\u2019est compliqu\u00e9 la t\u00e2che lors de la d\u00e9faite face \u00e0 Pau (35-33), dimanche 28\u00a0d\u00e9cembre en Top 14.\n                            <\/p>\n<p>Une p\u00e9naltouche pas trouv\u00e9e, un carton jaune, une p\u00e9nalit\u00e9 et un essai transform\u00e9 conc\u00e9d\u00e9. Le premier quart d\u2019heure du MHR n\u2019\u00e9tait pas loin d\u2019\u00eatre catastrophique au Hameau.<\/p>\n<p>\u00ab\u00a0On a fait beaucoup de fautes en d\u00e9but de match, rat\u00e9 trop de plaquages et en d\u00e9but de deuxi\u00e8me aussi\u00a0\u00bb, constate l\u2019ouvreur Domingo Miotti. \u00ab\u00a0En faisant autant d\u2019erreurs d\u2019entr\u00e9e, c\u2019est difficile de l\u2019emporter\u00a0\u00bb, souffle le manager Joan Caudullo. \u00ab\u00a0On a manqu\u00e9 de concentration\u00a0\u00bb, conc\u00e8de aussi l\u2019ailier Donovan Taofifenua.<\/p>\n<p>Le constat du d\u00e9but de seconde p\u00e9riode est identique. \u00ab\u00a0On s\u2019est dit qu\u2019on devait \u00eatre plus engag\u00e9s en d\u00e9fense et aller les cherche devant \u00e0 la pause\u00a0\u00bb, explique le troisi\u00e8me ligne palois Facundo Isa. R\u00e9sultat, un nouvel essai transform\u00e9 (43e) et une p\u00e9nalit\u00e9 encaiss\u00e9s. Alors qu\u2019il \u00e9tait parvenu \u00e0 refaire son retard \u00e0 la pause en tournant avec un seul petit point de retard, le MHR se remettait dans le dur d\u00e8s le retour des vestiaires. \u00ab\u00a0Nos sorties de camp sont compliqu\u00e9es et derri\u00e8re on prend la pression. Et quand tu r\u00e9veilles un public comme celui de Pau, \u00e7a ne facilite pas les choses. On prend ces deux essais trop rapidement et ils nous ont fait mal\u00a0\u00bb, analyse Joan Cadullo.<\/p>\n<p>Des entames qui font parler<\/p>\n<p>Les entames de p\u00e9riode, un sujet qui a d\u00e9j\u00e0 fait parler au MHR. Contre Toulon (d\u00e9faite 17-27) ou \u00e0 Bayonne (26-23) et au Racing (32-25), les retards \u00e0 l\u2019allumage avaient co\u00fbt\u00e9 de pr\u00e9cieux points \u00e0 Montpellier.<\/p>\n<p>Dimanche, sur sa pelouse, le leader du Top 14 n\u2019avait pas besoin d\u2019autant de bienveillance de la part des H\u00e9raultais. Le MHR sait ce qu\u2019il va mettre sur sa liste de bonnes r\u00e9solutions de la nouvelle ann\u00e9e\u2026 Soigner ses entames.<\/p>\n","protected":false},"excerpt":{"rendered":"En encaissant 20 points sur ses d\u00e9buts de mi-temps, Montpellier s\u2019est compliqu\u00e9 la t\u00e2che lors de la d\u00e9faite&hellip;\n","protected":false},"author":2,"featured_media":628712,"comment_status":"","ping_status":"","sticky":false,"template":"","format":"standard","meta":{"footnotes":""},"categories":[9599],"tags":[1111,11,1777,674,1011,27,7089,2208,12,2680,25,65087,517],"class_list":{"0":"post-628711","1":"post","2":"type-post","3":"status-publish","4":"format-standard","5":"has-post-thumbnail","7":"category-montpellier","8":"tag-actu","9":"tag-actualites","10":"tag-eu","11":"tag-europe","12":"tag-fr","13":"tag-france","14":"tag-herault","15":"tag-montpellier","16":"tag-news","17":"tag-occitanie","18":"tag-republique-francaise","19":"tag-rugby-xv","20":"tag-sport"},"share_on_mastodon":{"url":"https:\/\/pubeurope.com\/@fr\/115805568860683045","error":""},"_links":{"self":[{"href":"https:\/\/www.europesays.com\/fr\/wp-json\/wp\/v2\/posts\/628711","targetHints":{"allow":["GET"]}}],"collection":[{"href":"https:\/\/www.europesays.com\/fr\/wp-json\/wp\/v2\/posts"}],"about":[{"href":"https:\/\/www.europesays.com\/fr\/wp-json\/wp\/v2\/types\/post"}],"author":[{"embeddable":true,"href":"https:\/\/www.europesays.com\/fr\/wp-json\/wp\/v2\/users\/2"}],"replies":[{"embeddable":true,"href":"https:\/\/www.europesays.com\/fr\/wp-json\/wp\/v2\/comments?post=628711"}],"version-history":[{"count":0,"href":"https:\/\/www.europesays.com\/fr\/wp-json\/wp\/v2\/posts\/628711\/revisions"}],"wp:featuredmedia":[{"embeddable":true,"href":"https:\/\/www.europesays.com\/fr\/wp-json\/wp\/v2\/media\/628712"}],"wp:attachment":[{"href":"https:\/\/www.europesays.com\/fr\/wp-json\/wp\/v2\/media?parent=628711"}],"wp:term":[{"taxonomy":"category","embeddable":true,"href":"https:\/\/www.europesays.com\/fr\/wp-json\/wp\/v2\/categories?post=628711"},{"taxonomy":"post_tag","embeddable":true,"href":"https:\/\/www.europesays.com\/fr\/wp-json\/wp\/v2\/tags?post=628711"}],"curies":[{"name":"wp","href":"https:\/\/api.w.org\/{rel}","templated":true}]}}