{"id":628717,"date":"2025-12-30T00:03:26","date_gmt":"2025-12-30T00:03:26","guid":{"rendered":"https:\/\/www.europesays.com\/fr\/628717\/"},"modified":"2025-12-30T00:03:26","modified_gmt":"2025-12-30T00:03:26","slug":"vaujany-face-aux-ours-de-villard-pour-un-match-dexhibition","status":"publish","type":"post","link":"https:\/\/www.europesays.com\/fr\/628717\/","title":{"rendered":"Vaujany face aux Ours de Villard pour un match d\u2019exhibition"},"content":{"rendered":"<p>Ce mardi 30\u00a0d\u00e9cembre, \u00e0 20 heures, les Ours de Villard proposent de d\u00e9couvrir le hockey sur glace, le sport collectif le plus rapide. \u00c0 la patinoire Andr\u00e9-Ravix, l\u2019\u00e9quipe U20 du Vercors sera oppos\u00e9e aux Grizzlys de Vaujany, \u00e9quipe \u00e9voluant en D2 et compos\u00e9e en grande partie de jeunes joueurs des Br\u00fbleurs de loups de Grenoble, d\u00e9tenteurs de la Coupe Magnus.<\/p>\n<p class=\"note\">Prix des places\u00a0: 7\u00a0euros, gratuit\u00e9 pour les moins de 5 ans.<\/p>\n","protected":false},"excerpt":{"rendered":"Ce mardi 30\u00a0d\u00e9cembre, \u00e0 20 heures, les Ours de Villard proposent de d\u00e9couvrir le hockey sur glace, le&hellip;\n","protected":false},"author":2,"featured_media":628718,"comment_status":"","ping_status":"","sticky":false,"template":"","format":"standard","meta":{"footnotes":""},"categories":[9566],"tags":[1111,11,2430,112,1777,674,1011,27,2731,4133,32346,12,25,32345],"class_list":{"0":"post-628717","1":"post","2":"type-post","3":"status-publish","4":"format-standard","5":"has-post-thumbnail","7":"category-grenoble","8":"tag-actu","9":"tag-actualites","10":"tag-auvergne-rhone-alpes","11":"tag-edition-grenoble-agglomeration","12":"tag-eu","13":"tag-europe","14":"tag-fr","15":"tag-france","16":"tag-grenoble","17":"tag-hockey-sur-glace","18":"tag-le-vercors","19":"tag-news","20":"tag-republique-francaise","21":"tag-villard-de-lans"},"share_on_mastodon":{"url":"https:\/\/pubeurope.com\/@fr\/115805592197932726","error":""},"_links":{"self":[{"href":"https:\/\/www.europesays.com\/fr\/wp-json\/wp\/v2\/posts\/628717","targetHints":{"allow":["GET"]}}],"collection":[{"href":"https:\/\/www.europesays.com\/fr\/wp-json\/wp\/v2\/posts"}],"about":[{"href":"https:\/\/www.europesays.com\/fr\/wp-json\/wp\/v2\/types\/post"}],"author":[{"embeddable":true,"href":"https:\/\/www.europesays.com\/fr\/wp-json\/wp\/v2\/users\/2"}],"replies":[{"embeddable":true,"href":"https:\/\/www.europesays.com\/fr\/wp-json\/wp\/v2\/comments?post=628717"}],"version-history":[{"count":0,"href":"https:\/\/www.europesays.com\/fr\/wp-json\/wp\/v2\/posts\/628717\/revisions"}],"wp:featuredmedia":[{"embeddable":true,"href":"https:\/\/www.europesays.com\/fr\/wp-json\/wp\/v2\/media\/628718"}],"wp:attachment":[{"href":"https:\/\/www.europesays.com\/fr\/wp-json\/wp\/v2\/media?parent=628717"}],"wp:term":[{"taxonomy":"category","embeddable":true,"href":"https:\/\/www.europesays.com\/fr\/wp-json\/wp\/v2\/categories?post=628717"},{"taxonomy":"post_tag","embeddable":true,"href":"https:\/\/www.europesays.com\/fr\/wp-json\/wp\/v2\/tags?post=628717"}],"curies":[{"name":"wp","href":"https:\/\/api.w.org\/{rel}","templated":true}]}}