{"id":628723,"date":"2025-12-30T00:06:27","date_gmt":"2025-12-30T00:06:27","guid":{"rendered":"https:\/\/www.europesays.com\/fr\/628723\/"},"modified":"2025-12-30T00:06:27","modified_gmt":"2025-12-30T00:06:27","slug":"un-artiste-expose-des-cagoules-insolites-a-strasbourg","status":"publish","type":"post","link":"https:\/\/www.europesays.com\/fr\/628723\/","title":{"rendered":"un artiste expose des cagoules insolites \u00e0 Strasbourg !"},"content":{"rendered":"<p><strong>Envie de mettre un peu le nez dehors, mais le froid qui s\u2019est install\u00e9 \u00e0 Strasbourg vous rebute un tantinet ? Pas de panique, on a une id\u00e9e d\u2019expo insolite pour vous : en ce moment, et jusqu\u2019au 31 janvier, l\u2019artiste alsacien Bastien Claudon pr\u00e9sente Si je ne peux inspirer l\u2019amour, je s\u00e8merai la peur \u00e0 La Station LGBTI. L\u2019occasion de d\u00e9couvrir ses cagoules en crochet, inspir\u00e9es de plusieurs univers et cr\u00e9atures.\u00a0<\/strong><\/p>\n<p>Si on vous dit <strong>\u00ab\u00a0cagoule\u00a0\u00bb<\/strong>, vous pensez peut-\u00eatre au couvre-chef des plus styl\u00e9s qu\u2019on vous faisait porter enfant pour vous prot\u00e9ger du froid, ou encore, \u00e0 <strong>un objet un peu inqui\u00e9tant<\/strong> qui permet de dissimuler son identit\u00e9, de se cacher.<\/p>\n<p>    <img width=\"800\" height=\"533\" src=\"https:\/\/www.europesays.com\/fr\/wp-content\/uploads\/2025\/12\/bastien-claudon-la-station-cagoule-25-800x533.jpg\" class=\"attachment-image-size-L size-image-size-L\" alt=\"Bastien Claudon La Station cagoule (25)\" decoding=\"async\" loading=\"lazy\"  \/>         Bastien Claudon. \u00a9 Marie Goehner-David \/ Pokaa <\/p>\n<p><strong>Bastien Claudon a d\u00e9cid\u00e9 de r\u00e9investir ce bonnet mal-aim\u00e9 avec son art<\/strong>. Le nom de l\u2019exposition ? <strong>Si je ne peux inspirer l\u2019amour, je s\u00e8merai la peur, <\/strong>qui est directement inspir\u00e9e d\u2019une phrase prononc\u00e9e par la cr\u00e9ature dans Frankenstein de Mary Shelley (1818). Une phrase qui traduit le d\u00e9sir d\u2019\u00eatre aim\u00e9 de ce monstre mal compris, alors mis au rebut par la terreur des autres, qui vont lui insuffler un d\u00e9sir de vengeance.<\/p>\n<p><strong>\u00ab\u00a0Le monstre, c\u2019est celui que l\u2019on fait monstre, nous explique Bastien. C\u2019est une question de regard.\u00a0\u00bb<\/strong><\/p>\n<p>                <img width=\"750\" height=\"500\" src=\"https:\/\/www.europesays.com\/fr\/wp-content\/uploads\/2025\/12\/bastien-claudon-la-station-cagoule-5-1-750x500.jpg\" class=\"attachment-gallery size-gallery\" alt=\"Bastien Claudon La Station cagoule (5)\" data-full-url=\"https:\/\/pokaa.fr\/wp-content\/uploads\/2025\/12\/28\/bastien-claudon-la-station-cagoule-5-1.jpg\" decoding=\"async\" loading=\"lazy\"  \/>            <\/p>\n<p>                <img width=\"750\" height=\"500\" src=\"https:\/\/www.europesays.com\/fr\/wp-content\/uploads\/2025\/12\/bastien-claudon-la-station-cagoule-14-750x500.jpg\" class=\"attachment-gallery size-gallery\" alt=\"Bastien Claudon La Station cagoule (14)\" data-full-url=\"https:\/\/pokaa.fr\/wp-content\/uploads\/2025\/12\/28\/bastien-claudon-la-station-cagoule-14.jpg\" decoding=\"async\" loading=\"lazy\"  \/>            <\/p>\n<p>                <img width=\"892\" height=\"500\" src=\"https:\/\/www.europesays.com\/fr\/wp-content\/uploads\/2025\/12\/bastien-claudon-la-station-cagoule-6-892x500.jpg\" class=\"attachment-gallery size-gallery\" alt=\"Bastien Claudon La Station cagoule (6)\" data-full-url=\"https:\/\/pokaa.fr\/wp-content\/uploads\/2025\/12\/28\/bastien-claudon-la-station-cagoule-6.jpg\" decoding=\"async\" loading=\"lazy\"  \/>            <\/p>\n<p>                <img width=\"750\" height=\"500\" src=\"https:\/\/www.europesays.com\/fr\/wp-content\/uploads\/2025\/12\/bastien-claudon-la-station-cagoule-13-750x500.jpg\" class=\"attachment-gallery size-gallery\" alt=\"Bastien Claudon La Station cagoule (13)\" data-full-url=\"https:\/\/pokaa.fr\/wp-content\/uploads\/2025\/12\/28\/bastien-claudon-la-station-cagoule-13.jpg\" decoding=\"async\" loading=\"lazy\"  \/>            <\/p>\n<p>                <img width=\"891\" height=\"500\" src=\"https:\/\/www.europesays.com\/fr\/wp-content\/uploads\/2025\/12\/bastien-claudon-la-station-cagoule-7-891x500.jpg\" class=\"attachment-gallery size-gallery\" alt=\"Bastien Claudon La Station cagoule (7)\" data-full-url=\"https:\/\/pokaa.fr\/wp-content\/uploads\/2025\/12\/28\/bastien-claudon-la-station-cagoule-7.jpg\" decoding=\"async\" loading=\"lazy\"  \/>            <\/p>\n<p>                    \u00a9 Marie Goehner-David \/ Pokaa<\/p>\n<p>La cagoule \u00e0 la conqu\u00eate des imaginaires<\/p>\n<p>Il s\u2019empare alors de <strong>cet objet anodin, pour lui redonner ses lettres de noblesse.<\/strong> \u00ab\u00a0\u00c0 la base, j\u2019ai commenc\u00e9 \u00e0 faire du crochet et, par hasard, je suis tomb\u00e9 sur un tuto pour faire une cagoule. Et je ne me suis pas arr\u00eat\u00e9, car l\u2019objet m\u2019a fascin\u00e9. \u00bb<\/p>\n<p>Bastien lui trouve tout de <strong>suite un potentiel \u00ab\u00a0sculptural, d\u00e9coratif, ornemental\u00a0\u00bb\u00a0<\/strong>: il exp\u00e9rimente les formes, les couleurs, les univers. Celui qui s\u2019int\u00e9resse \u00e9galement au milieu drag retrouve dans la cagoule <strong>des possibilit\u00e9s de transformation, d\u2019amusement, de cr\u00e9ation de personnages.<\/strong><\/p>\n<p>                <img width=\"750\" height=\"500\" src=\"https:\/\/www.europesays.com\/fr\/wp-content\/uploads\/2025\/12\/bastien-claudon-la-station-cagoule-11-750x500.jpg\" class=\"attachment-gallery size-gallery\" alt=\"Bastien Claudon La Station cagoule (11)\" data-full-url=\"https:\/\/pokaa.fr\/wp-content\/uploads\/2025\/12\/28\/bastien-claudon-la-station-cagoule-11.jpg\" decoding=\"async\" loading=\"lazy\"  \/>            <\/p>\n<p>                <img width=\"750\" height=\"500\" src=\"https:\/\/www.europesays.com\/fr\/wp-content\/uploads\/2025\/12\/bastien-claudon-la-station-cagoule-9-750x500.jpg\" class=\"attachment-gallery size-gallery\" alt=\"Bastien Claudon La Station cagoule (9)\" data-full-url=\"https:\/\/pokaa.fr\/wp-content\/uploads\/2025\/12\/28\/bastien-claudon-la-station-cagoule-9.jpg\" decoding=\"async\" loading=\"lazy\"  \/>            <\/p>\n<p>                <img width=\"750\" height=\"500\" src=\"https:\/\/www.europesays.com\/fr\/wp-content\/uploads\/2025\/12\/bastien-claudon-la-station-cagoule-15-750x500.jpg\" class=\"attachment-gallery size-gallery\" alt=\"Bastien Claudon La Station cagoule (15)\" data-full-url=\"https:\/\/pokaa.fr\/wp-content\/uploads\/2025\/12\/28\/bastien-claudon-la-station-cagoule-15.jpg\" decoding=\"async\" loading=\"lazy\"  \/>            <\/p>\n<p>                <img width=\"750\" height=\"500\" src=\"https:\/\/www.europesays.com\/fr\/wp-content\/uploads\/2025\/12\/bastien-claudon-la-station-cagoule-29-750x500.jpg\" class=\"attachment-gallery size-gallery\" alt=\"Bastien Claudon La Station cagoule (29)\" data-full-url=\"https:\/\/pokaa.fr\/wp-content\/uploads\/2025\/12\/28\/bastien-claudon-la-station-cagoule-29.jpg\" decoding=\"async\" loading=\"lazy\"  \/>            <\/p>\n<p>                <img width=\"750\" height=\"500\" src=\"https:\/\/www.europesays.com\/fr\/wp-content\/uploads\/2025\/12\/bastien-claudon-la-station-cagoule-27-750x500.jpg\" class=\"attachment-gallery size-gallery\" alt=\"Bastien Claudon La Station cagoule (27)\" data-full-url=\"https:\/\/pokaa.fr\/wp-content\/uploads\/2025\/12\/28\/bastien-claudon-la-station-cagoule-27.jpg\" decoding=\"async\" loading=\"lazy\"  \/>            <\/p>\n<p>                <img width=\"750\" height=\"500\" src=\"https:\/\/www.europesays.com\/fr\/wp-content\/uploads\/2025\/12\/bastien-claudon-la-station-cagoule-19-750x500.jpg\" class=\"attachment-gallery size-gallery\" alt=\"Bastien Claudon La Station cagoule (19)\" data-full-url=\"https:\/\/pokaa.fr\/wp-content\/uploads\/2025\/12\/28\/bastien-claudon-la-station-cagoule-19.jpg\" decoding=\"async\" loading=\"lazy\"  \/>            <\/p>\n<p>                    Bastien Claudon. \u00a9 Marie Goehner-David \/ Pokaa<\/p>\n<p>    <img width=\"800\" height=\"533\" src=\"https:\/\/www.europesays.com\/fr\/wp-content\/uploads\/2025\/12\/bastien-claudon-la-station-cagoule-24-800x533.jpg\" class=\"attachment-image-size-L size-image-size-L\" alt=\"Bastien Claudon La Station cagoule (24)\" decoding=\"async\" loading=\"lazy\"  \/>         \u00a9 Marie Goehner-David \/ Pokaa <\/p>\n<p>Pour Bastien, le crochet, c\u2019est aussi une histoire de famille. <strong>Issu d\u2019une fratrie franco-portugaise, le travail du fil fait partie de son h\u00e9ritage culturel.<\/strong> \u00ab\u00a0Ma m\u00e8re crochetait, tricotait, faisait du point de croix, de la broderie\u2026 Comme sa m\u00e8re avant elle.\u00a0\u00bb<\/p>\n<p>\u00c0 force de voir faire, il saute le pas, et ne s\u2019arr\u00eate plus. Le geste est m\u00e9ticuleux, r\u00e9p\u00e9titif, m\u00e9ditatif, et <strong>se pr\u00eate \u00e0 la cr\u00e9ation de mille et un mondes.<\/strong><\/p>\n<p>    <img width=\"800\" height=\"533\" src=\"https:\/\/www.europesays.com\/fr\/wp-content\/uploads\/2025\/12\/bastien-claudon-la-station-cagoule-16-800x533.jpg\" class=\"attachment-image-size-L size-image-size-L\" alt=\"Bastien Claudon La Station cagoule (16)\" decoding=\"async\" loading=\"lazy\"  \/>         \u00a9 Marie Goehner-David \/ Pokaa <\/p>\n<p>L\u2019art comme c\u00e9l\u00e9bration du lien <\/p>\n<p>Le but des cagoules de Bastien, ce n\u2019est pas de rester hors de port\u00e9e et intouchables. Suspendues au mur par des crochets, <strong>elles attendent, elles invitent \u00e0 la rencontre, \u00e0 se faire essayer. <\/strong><\/p>\n<p>Une volont\u00e9 qui fait \u00e9cho \u00e0 l\u2019endroit qui accueille l\u2019exposition. \u00ab\u00a0<strong>La Station LGBTI, c\u2019est un lieu de vie, de rencontre,<\/strong> un endroit o\u00f9 toute une communaut\u00e9 peut se retrouver dans un espace de bienveillance\u00a0\u00bb, poursuit Bastien. \u00ab\u00a0Faire un accrochage \u2018inerte\u2019 ne faisait pas sens. <strong>Je voulais insister sur cette volont\u00e9 d\u2019\u00e9change, de partage au c\u0153ur de ce lieu.<\/strong><strong>\u00a0<\/strong>\u00bb<\/p>\n<p>                <img width=\"750\" height=\"500\" src=\"https:\/\/www.europesays.com\/fr\/wp-content\/uploads\/2025\/12\/bastien-claudon-la-station-cagoule-12-750x500.jpg\" class=\"attachment-gallery size-gallery\" alt=\"Bastien Claudon La Station cagoule (12)\" data-full-url=\"https:\/\/pokaa.fr\/wp-content\/uploads\/2025\/12\/28\/bastien-claudon-la-station-cagoule-12.jpg\" decoding=\"async\" loading=\"lazy\"  \/>            <\/p>\n<p>                <img width=\"750\" height=\"500\" src=\"https:\/\/www.europesays.com\/fr\/wp-content\/uploads\/2025\/12\/bastien-claudon-la-station-cagoule-21-750x500.jpg\" class=\"attachment-gallery size-gallery\" alt=\"Bastien Claudon La Station cagoule (21)\" data-full-url=\"https:\/\/pokaa.fr\/wp-content\/uploads\/2025\/12\/28\/bastien-claudon-la-station-cagoule-21.jpg\" decoding=\"async\" loading=\"lazy\"  \/>            <\/p>\n<p>                <img width=\"749\" height=\"500\" src=\"https:\/\/www.europesays.com\/fr\/wp-content\/uploads\/2025\/12\/bastien-claudon-la-station-cagoule-2-749x500.jpg\" class=\"attachment-gallery size-gallery\" alt=\"Bastien Claudon La Station cagoule (2)\" data-full-url=\"https:\/\/pokaa.fr\/wp-content\/uploads\/2025\/12\/28\/bastien-claudon-la-station-cagoule-2.jpg\" decoding=\"async\" loading=\"lazy\"  \/>            <\/p>\n<p>                <img width=\"750\" height=\"500\" src=\"https:\/\/www.europesays.com\/fr\/wp-content\/uploads\/2025\/12\/bastien-claudon-la-station-cagoule-5-1-750x500.jpg\" class=\"attachment-gallery size-gallery\" alt=\"Bastien Claudon La Station cagoule (5)\" data-full-url=\"https:\/\/pokaa.fr\/wp-content\/uploads\/2025\/12\/28\/bastien-claudon-la-station-cagoule-5-1.jpg\" decoding=\"async\" loading=\"lazy\"  \/>            <\/p>\n<p>                    \u00a9 Marie Goehner-David \/ Pokaa<\/p>\n<p>    <img width=\"800\" height=\"533\" src=\"https:\/\/www.europesays.com\/fr\/wp-content\/uploads\/2025\/12\/bastien-claudon-la-station-cagoule-23-800x533.jpg\" class=\"attachment-image-size-L size-image-size-L\" alt=\"Bastien Claudon La Station cagoule (23)\" decoding=\"async\" loading=\"lazy\"  \/>         \u00a9 Marie Goehner-David \/ Pokaa <\/p>\n<p>Ces questionnements se retrouvent dans d\u2019autres projets de Bastien, comme <a href=\"https:\/\/bastienclaudon.fr\/true-colors\" target=\"_blank\" rel=\"noopener\"><strong>True Colors<\/strong><\/a> (2024). <strong>L\u2019artiste utilise alors le bandana pour rappeler l\u2019histoire queer de cet accessoire<\/strong> dans le milieu de la f\u00eate, \u00e0 partir des ann\u00e9es 70. \u00ab\u00a0Les personnes homosexuelles portaient des bandanas pli\u00e9s dans leurs poches arri\u00e8re, avec diff\u00e9rents codes couleur pour trouver des partenaires potentiels. \u00bb<\/p>\n<p>Bastien a alors d\u00e9coup\u00e9 puis nou\u00e9 des bandanas, pour cr\u00e9er un filet multicolore suspendu. De quoi mettre les spectateurs\/rices dans une ambiance festive\u2026 Mais aussi, <strong>de remettre la question du lien au c\u0153ur de sa pratique : parce que crocheter ou nouer, chez Bastien, c\u2019est cr\u00e9er des mondes et des cr\u00e9atures, sans oublier de c\u00e9l\u00e9brer les corps qui se r\u00e9unissent. <\/strong><\/p>\n<p>                <img width=\"403\" height=\"500\" src=\"https:\/\/www.europesays.com\/fr\/wp-content\/uploads\/2025\/12\/bastien-claudon-true-colors-bandana-4-403x500.png\" class=\"attachment-gallery size-gallery\" alt=\"Bastien Claudon True Colors bandana (4)\" data-full-url=\"https:\/\/pokaa.fr\/wp-content\/uploads\/2025\/12\/28\/bastien-claudon-true-colors-bandana-4.png\" decoding=\"async\" loading=\"lazy\"  \/>            <\/p>\n<p>                <img width=\"368\" height=\"500\" src=\"https:\/\/www.europesays.com\/fr\/wp-content\/uploads\/2025\/12\/bastien-claudon-true-colors-bandana-3-368x500.png\" class=\"attachment-gallery size-gallery\" alt=\"Bastien Claudon True Colors bandana (3)\" data-full-url=\"https:\/\/pokaa.fr\/wp-content\/uploads\/2025\/12\/28\/bastien-claudon-true-colors-bandana-3.png\" decoding=\"async\" loading=\"lazy\"  \/>            <\/p>\n<p>                <img width=\"862\" height=\"500\" src=\"https:\/\/www.europesays.com\/fr\/wp-content\/uploads\/2025\/12\/bastien-claudon-true-colors-bandana-2-862x500.png\" class=\"attachment-gallery size-gallery\" alt=\"Bastien Claudon True Colors bandana (2)\" data-full-url=\"https:\/\/pokaa.fr\/wp-content\/uploads\/2025\/12\/28\/bastien-claudon-true-colors-bandana-2-1500x870.png\" decoding=\"async\" loading=\"lazy\"  \/>            <\/p>\n<p>                <img width=\"877\" height=\"500\" src=\"https:\/\/www.europesays.com\/fr\/wp-content\/uploads\/2025\/12\/bastien-claudon-true-colors-bandana-1-877x500.png\" class=\"attachment-gallery size-gallery\" alt=\"Bastien Claudon True Colors bandana (1)\" data-full-url=\"https:\/\/pokaa.fr\/wp-content\/uploads\/2025\/12\/28\/bastien-claudon-true-colors-bandana-1-1500x855.png\" decoding=\"async\" loading=\"lazy\"  \/>            <\/p>\n<p>                    \u00a9 Bastien Claudon \/ Documents remis<\/p>\n<p>            \u00ab Si je ne peux inspirer l\u2019amour, je s\u00e8merai la peur \u00bb<\/p>\n<p>            Quoi ? <\/p>\n<p>Exposition de Bastien Claudon<\/p>\n<p>                Quand ?<\/p>\n<p>Jusqu\u2019au 31 janvier 2026<\/p>\n<p>Horaires :<br \/>Mardi-Vendredi : 16h-20h<br \/>Samedis pairs : 14h-19h<\/p>\n<p>            o\u00f9 ?<\/p>\n<p>La Station LGBTI, 7 rue des \u00c9crivains, \u00e0 Strasbourg<\/p>\n<p>                Plus d&rsquo;infos ?<\/p>\n<p><a href=\"https:\/\/bastienclaudon.fr\/\" target=\"_blank\" rel=\"noopener\">Site web de Bastien Claudon<\/a><\/p>\n<p><a href=\"https:\/\/www.instagram.com\/p\/DRnDX4vDuuK\/?img_index=1\" target=\"_blank\" rel=\"noopener\">Page Instagram de La Station LGBTI<\/a><\/p>\n<p><script async src=\"\/\/www.instagram.com\/embed.js\"><\/script><\/p>\n","protected":false},"excerpt":{"rendered":"Envie de mettre un peu le nez dehors, mais le froid qui s\u2019est install\u00e9 \u00e0 Strasbourg vous rebute&hellip;\n","protected":false},"author":2,"featured_media":628724,"comment_status":"","ping_status":"","sticky":false,"template":"","format":"standard","meta":{"footnotes":""},"categories":[2820],"tags":[1111,11,2593,73811,73812,1777,674,1011,27,55983,775,73813,12,5486,25,640],"class_list":{"0":"post-628723","1":"post","2":"type-post","3":"status-publish","4":"format-standard","5":"has-post-thumbnail","7":"category-strasbourg","8":"tag-actu","9":"tag-actualites","10":"tag-artiste","11":"tag-bastien-claudon","12":"tag-cagoule","13":"tag-eu","14":"tag-europe","15":"tag-fr","16":"tag-france","17":"tag-frankenstein","18":"tag-grand-est","19":"tag-la-station-lgbti","20":"tag-news","21":"tag-rencontre","22":"tag-republique-francaise","23":"tag-strasbourg"},"share_on_mastodon":{"url":"https:\/\/pubeurope.com\/@fr\/115805605150613774","error":""},"_links":{"self":[{"href":"https:\/\/www.europesays.com\/fr\/wp-json\/wp\/v2\/posts\/628723","targetHints":{"allow":["GET"]}}],"collection":[{"href":"https:\/\/www.europesays.com\/fr\/wp-json\/wp\/v2\/posts"}],"about":[{"href":"https:\/\/www.europesays.com\/fr\/wp-json\/wp\/v2\/types\/post"}],"author":[{"embeddable":true,"href":"https:\/\/www.europesays.com\/fr\/wp-json\/wp\/v2\/users\/2"}],"replies":[{"embeddable":true,"href":"https:\/\/www.europesays.com\/fr\/wp-json\/wp\/v2\/comments?post=628723"}],"version-history":[{"count":0,"href":"https:\/\/www.europesays.com\/fr\/wp-json\/wp\/v2\/posts\/628723\/revisions"}],"wp:featuredmedia":[{"embeddable":true,"href":"https:\/\/www.europesays.com\/fr\/wp-json\/wp\/v2\/media\/628724"}],"wp:attachment":[{"href":"https:\/\/www.europesays.com\/fr\/wp-json\/wp\/v2\/media?parent=628723"}],"wp:term":[{"taxonomy":"category","embeddable":true,"href":"https:\/\/www.europesays.com\/fr\/wp-json\/wp\/v2\/categories?post=628723"},{"taxonomy":"post_tag","embeddable":true,"href":"https:\/\/www.europesays.com\/fr\/wp-json\/wp\/v2\/tags?post=628723"}],"curies":[{"name":"wp","href":"https:\/\/api.w.org\/{rel}","templated":true}]}}