{"id":628725,"date":"2025-12-30T00:07:17","date_gmt":"2025-12-30T00:07:17","guid":{"rendered":"https:\/\/www.europesays.com\/fr\/628725\/"},"modified":"2025-12-30T00:07:17","modified_gmt":"2025-12-30T00:07:17","slug":"la-bretelle-des-halles-a-reouvert-en-partie-apres-5-mois-de-travaux","status":"publish","type":"post","link":"https:\/\/www.europesays.com\/fr\/628725\/","title":{"rendered":"la bretelle des Halles a r\u00e9ouvert (en partie) apr\u00e8s 5 mois de travaux"},"content":{"rendered":"<p>    <img loading=\"lazy\" width=\"1800\" height=\"900\" src=\"https:\/\/www.europesays.com\/fr\/wp-content\/uploads\/2025\/11\/jeanne-callthepolice.jpg\" class=\"attachment-full size-full\" alt=\"\" id=\"imageLove\" decoding=\"async\"  \/><\/p>\n<p id=\"breadcrumbs\"><a href=\"https:\/\/pokaa.fr\/\" target=\"_blank\" rel=\"noopener\">Accueil<\/a> \/ <a href=\"https:\/\/pokaa.fr\/categories\/actu\/\" target=\"_blank\" rel=\"noopener\">Info locale<\/a> \/ Strasbourg en travaux : la bretelle des Halles a r\u00e9ouvert (en partie) apr\u00e8s 5 mois de travaux<\/p>\n<p>                    Info locale<\/p>\n<p><b>\u00c0 Strasbourg et depuis le 27 d\u00e9cembre, la bretelle des Halles est rouverte partiellement \u00e0 la circulation. Mais l\u2019impressionnant chantier \u00e0 4,15 millions d\u2019euros n\u2019est pas termin\u00e9 : l\u2019ouverture compl\u00e8te, avec la voie bus, le carrefour \u00e0 feux et le nouveau tourne-\u00e0-gauche vers Cronenbourg est pr\u00e9vue fin f\u00e9vrier.<\/b><\/p>\n<p class=\"p1\">\u00c7a y est, apr\u00e8s 5 mois de travaux, on peut \u00e0 nouveau emprunter la bretelle des Halles. Utile pour rejoindre le centre-ville, les Halles ou la gare en sortant de la M35, <b>elle est de nouveau accessible depuis le 27 d\u00e9cembre<\/b>.<\/p>\n<p class=\"p1\">Un acc\u00e8s n\u00e9anmoins r\u00e9gul\u00e9 : <b>la circulation sur la bretelle se fait pour le moment \u00e0 30 km\/h maximum et sur une seule voie,<\/b> en attendant la fin des travaux sur la voie du Bus \u00e0 haut niveau de service (BHNS). \u00c0 ce sujet, les cars express de la CTBR peuvent d\u00e9j\u00e0 emprunter cette voie de circulation.<\/p>\n<p>                <a href=\"https:\/\/pokaa.fr\/2025\/08\/31\/chantier-xxl-a-415-millions-de-a-strasbourg-la-bretelle-des-halles-se-devoile\/\" target=\"_blank\" rel=\"noopener\"><br \/>\n                    <img width=\"450\" height=\"270\" src=\"https:\/\/www.europesays.com\/fr\/wp-content\/uploads\/2025\/09\/img-1096-grande-450x270.jpeg\" class=\"attachment-card-horizontal--same-subject size-card-horizontal--same-subject wp-post-image\" alt=\"\" decoding=\"async\" loading=\"lazy\"\/>                <\/a><\/p>\n<p>                <img width=\"667\" height=\"500\" src=\"https:\/\/www.europesays.com\/fr\/wp-content\/uploads\/2025\/12\/img-3552-grande-667x500.jpeg\" class=\"attachment-gallery size-gallery\" alt=\"bretelle halles\" data-full-url=\"https:\/\/pokaa.fr\/wp-content\/uploads\/2025\/12\/29\/img-3552-grande.jpeg\" decoding=\"async\" loading=\"lazy\"  \/>            <\/p>\n<p>                <img width=\"667\" height=\"500\" src=\"https:\/\/www.europesays.com\/fr\/wp-content\/uploads\/2025\/12\/img-3550-grande-667x500.jpeg\" class=\"attachment-gallery size-gallery\" alt=\"bretelle halles\" data-full-url=\"https:\/\/pokaa.fr\/wp-content\/uploads\/2025\/12\/29\/img-3550-grande.jpeg\" decoding=\"async\" loading=\"lazy\"  \/>            <\/p>\n<p>                    \u00a9 Nicolas Kaspar \/ Pokaa<\/p>\n<p>La bretelle totalement livr\u00e9e fin f\u00e9vrier (si tout va bien)<\/p>\n<p class=\"p1\">Car l\u2019objectif de cette toute nouvelle bretelle est de passer d\u2019une voie de circulation \u00e0 trois : <b>une r\u00e9serv\u00e9e aux cars express, et deux autres plus classiques\u2026<\/b> Dont une qui permettra de tourner \u00e0 gauche vers Cronenbourg, ce qui n\u2019\u00e9tait pas possible jusqu\u2019alors. Il pr\u00e9voit \u00e9galement un carrefour avec syst\u00e8me de d\u00e9tection de feux, am\u00e9nag\u00e9 \u00e0 l\u2019intersection de la bretelle et de la rue du Bataillon-de-Marche-24.<\/p>\n<p class=\"p1\"><b>Toutes ces nouveaut\u00e9s devraient arriver si tout va bien fin f\u00e9vrier<\/b>, <a href=\"https:\/\/www.facebook.com\/amenagementmultimodalm351m35\" target=\"_blank\" rel=\"noopener\">selon la page Facebook Chantier de l\u2019am\u00e9nagement multimodal de la M351 et M35<\/a>, qui s\u2019occupe des travaux. Encore un peu de patience avant de d\u00e9couvrir cet imposant projet, qui va chambouler la circulation du secteur.<\/p>\n<p>                <img width=\"667\" height=\"500\" src=\"https:\/\/www.europesays.com\/fr\/wp-content\/uploads\/2025\/12\/img-3551-grande-667x500.jpeg\" class=\"attachment-gallery size-gallery\" alt=\"bretelle halles\" data-full-url=\"https:\/\/pokaa.fr\/wp-content\/uploads\/2025\/12\/29\/img-3551-grande.jpeg\" decoding=\"async\" loading=\"lazy\"  \/>            <\/p>\n<p>                <img width=\"667\" height=\"500\" src=\"https:\/\/www.europesays.com\/fr\/wp-content\/uploads\/2025\/12\/img-3553-grande-667x500.jpeg\" class=\"attachment-gallery size-gallery\" alt=\"bretelle halles\" data-full-url=\"https:\/\/pokaa.fr\/wp-content\/uploads\/2025\/12\/29\/img-3553-grande.jpeg\" decoding=\"async\" loading=\"lazy\"  \/>            <\/p>\n<p>                    \u00a9 Nicolas Kaspar \/ Pokaa<\/p>\n","protected":false},"excerpt":{"rendered":"Accueil \/ Info locale \/ Strasbourg en travaux : la bretelle des Halles a r\u00e9ouvert (en partie) apr\u00e8s&hellip;\n","protected":false},"author":2,"featured_media":628726,"comment_status":"","ping_status":"","sticky":false,"template":"","format":"standard","meta":{"footnotes":""},"categories":[2820],"tags":[1111,917,11,4107,1777,674,1011,27,775,29138,12,25,640,58524],"class_list":{"0":"post-628725","1":"post","2":"type-post","3":"status-publish","4":"format-standard","5":"has-post-thumbnail","7":"category-strasbourg","8":"tag-actu","9":"tag-actu-locale","10":"tag-actualites","11":"tag-chantier","12":"tag-eu","13":"tag-europe","14":"tag-fr","15":"tag-france","16":"tag-grand-est","17":"tag-halles","18":"tag-news","19":"tag-republique-francaise","20":"tag-strasbourg","21":"tag-strasbourg-actualite"},"share_on_mastodon":{"url":"https:\/\/pubeurope.com\/@fr\/115805608234956122","error":""},"_links":{"self":[{"href":"https:\/\/www.europesays.com\/fr\/wp-json\/wp\/v2\/posts\/628725","targetHints":{"allow":["GET"]}}],"collection":[{"href":"https:\/\/www.europesays.com\/fr\/wp-json\/wp\/v2\/posts"}],"about":[{"href":"https:\/\/www.europesays.com\/fr\/wp-json\/wp\/v2\/types\/post"}],"author":[{"embeddable":true,"href":"https:\/\/www.europesays.com\/fr\/wp-json\/wp\/v2\/users\/2"}],"replies":[{"embeddable":true,"href":"https:\/\/www.europesays.com\/fr\/wp-json\/wp\/v2\/comments?post=628725"}],"version-history":[{"count":0,"href":"https:\/\/www.europesays.com\/fr\/wp-json\/wp\/v2\/posts\/628725\/revisions"}],"wp:featuredmedia":[{"embeddable":true,"href":"https:\/\/www.europesays.com\/fr\/wp-json\/wp\/v2\/media\/628726"}],"wp:attachment":[{"href":"https:\/\/www.europesays.com\/fr\/wp-json\/wp\/v2\/media?parent=628725"}],"wp:term":[{"taxonomy":"category","embeddable":true,"href":"https:\/\/www.europesays.com\/fr\/wp-json\/wp\/v2\/categories?post=628725"},{"taxonomy":"post_tag","embeddable":true,"href":"https:\/\/www.europesays.com\/fr\/wp-json\/wp\/v2\/tags?post=628725"}],"curies":[{"name":"wp","href":"https:\/\/api.w.org\/{rel}","templated":true}]}}