{"id":628733,"date":"2025-12-30T00:11:10","date_gmt":"2025-12-30T00:11:10","guid":{"rendered":"https:\/\/www.europesays.com\/fr\/628733\/"},"modified":"2025-12-30T00:11:10","modified_gmt":"2025-12-30T00:11:10","slug":"strasbourg-fait-un-sale-coup-a-nantes-au-mercato","status":"publish","type":"post","link":"https:\/\/www.europesays.com\/fr\/628733\/","title":{"rendered":"Strasbourg fait un sale coup \u00e0 Nantes au mercato"},"content":{"rendered":"<p><b>Il y a quelques mois, le FC Nantes s&rsquo;\u00e9tait fait pr\u00eater Junior Mwanga en provenance du RC Strasbourg. Le club alsacien souhaiterait d\u00e9j\u00e0 r\u00e9cup\u00e9rer son joueur.<\/b><\/p>\n<p>Le FC <a href=\"https:\/\/www.foot01.com\/nantes\/nantes-kita-attaque-le-mercato-en-mode-fast-and-furious\" target=\"_self\" rel=\"noopener\">Nantes<\/a> et le RC Strasbourg vont devoir de nouveau s&rsquo;entendre. L&rsquo;\u00e9t\u00e9 dernier, Junior Mwanga a rejoint le FC Nantes en provenance d&rsquo;Alsace. Le <a href=\"https:\/\/www.foot01.com\/strasbourg\" title=\"RCSA\" target=\"_blank\" rel=\"noopener\">RCSA<\/a> avait accept\u00e9 de pr\u00eater son joueur afin de lui permettre d&rsquo;encha\u00eener les matches dans un club engag\u00e9 dans la lutte pour le maintien.<\/p>\n<p>Depuis le d\u00e9but de la saison, Junior Mwanga a pris part \u00e0 17 rencontres, suffisamment pour se mettre en \u00e9vidence malgr\u00e9 les r\u00e9sultats compliqu\u00e9s de son \u00e9quipe. Le RC Strasbourg souhaiterait n\u00e9anmoins r\u00e9cup\u00e9rer son joueur avant la fin de la saison. Une situation qui agace du c\u00f4t\u00e9 du FC Nantes, bien d\u00e9cid\u00e9 \u00e0 ne pas se laisser faire dans ce dossier.<\/p>\n<p>Nantes l\u00e9s\u00e9 par Strasbourg au mercato ?\u00a0<\/p>\n<p>D&rsquo;apr\u00e8s les informations de Fan FC Nantes Foot, Junior Mwanga pourrait retourner \u00e0 Strasbourg dans les jours \u00e0 venir. Le pr\u00eat serait donc cass\u00e9 avant son terme. Les Canaris ont pr\u00e9vu de faire respecter leurs droits. Ce serait en tout cas un coup dur de perdre le natif de Lyon \u00e0 ce moment de l&rsquo;ann\u00e9e. Le FC Nantes vit une saison chaotique et les motifs de satisfaction ne sont pas nombreux.\u00a0<\/p>\n<p>De son c\u00f4t\u00e9, Strasbourg vit une saison faite de contradictions. Apr\u00e8s un excellent d\u00e9but de Ligue 1, les hommes de Liam Rosenior ont peu \u00e0 peu marqu\u00e9 le pas. Toujours pr\u00e9sents dans le haut du classement, ils devront toutefois proc\u00e9der \u00e0 quelques ajustements lors du mercato hivernal afin de repartir sur une dynamique plus positive.<\/p>\n<p>Reste \u00e0 savoir si cela se fera avec Junior Mwanga ou si ce dernier poursuivra l&rsquo;aventure avec un FC Nantes en difficult\u00e9 et qui aura besoin de talents pour assurer son maintien en Ligue 1.<\/p>\n","protected":false},"excerpt":{"rendered":"Il y a quelques mois, le FC Nantes s&rsquo;\u00e9tait fait pr\u00eater Junior Mwanga en provenance du RC Strasbourg.&hellip;\n","protected":false},"author":2,"featured_media":628734,"comment_status":"","ping_status":"","sticky":false,"template":"","format":"standard","meta":{"footnotes":""},"categories":[2818],"tags":[1111,11,1777,674,462,1011,27,766,12,2636,24894,25],"class_list":{"0":"post-628733","1":"post","2":"type-post","3":"status-publish","4":"format-standard","5":"has-post-thumbnail","7":"category-nantes","8":"tag-actu","9":"tag-actualites","10":"tag-eu","11":"tag-europe","12":"tag-fc-nantes","13":"tag-fr","14":"tag-france","15":"tag-nantes","16":"tag-news","17":"tag-pays-de-la-loire","18":"tag-rcsa","19":"tag-republique-francaise"},"share_on_mastodon":{"url":"https:\/\/pubeurope.com\/@fr\/115805623695384979","error":""},"_links":{"self":[{"href":"https:\/\/www.europesays.com\/fr\/wp-json\/wp\/v2\/posts\/628733","targetHints":{"allow":["GET"]}}],"collection":[{"href":"https:\/\/www.europesays.com\/fr\/wp-json\/wp\/v2\/posts"}],"about":[{"href":"https:\/\/www.europesays.com\/fr\/wp-json\/wp\/v2\/types\/post"}],"author":[{"embeddable":true,"href":"https:\/\/www.europesays.com\/fr\/wp-json\/wp\/v2\/users\/2"}],"replies":[{"embeddable":true,"href":"https:\/\/www.europesays.com\/fr\/wp-json\/wp\/v2\/comments?post=628733"}],"version-history":[{"count":0,"href":"https:\/\/www.europesays.com\/fr\/wp-json\/wp\/v2\/posts\/628733\/revisions"}],"wp:featuredmedia":[{"embeddable":true,"href":"https:\/\/www.europesays.com\/fr\/wp-json\/wp\/v2\/media\/628734"}],"wp:attachment":[{"href":"https:\/\/www.europesays.com\/fr\/wp-json\/wp\/v2\/media?parent=628733"}],"wp:term":[{"taxonomy":"category","embeddable":true,"href":"https:\/\/www.europesays.com\/fr\/wp-json\/wp\/v2\/categories?post=628733"},{"taxonomy":"post_tag","embeddable":true,"href":"https:\/\/www.europesays.com\/fr\/wp-json\/wp\/v2\/tags?post=628733"}],"curies":[{"name":"wp","href":"https:\/\/api.w.org\/{rel}","templated":true}]}}