{"id":628742,"date":"2025-12-30T00:17:11","date_gmt":"2025-12-30T00:17:11","guid":{"rendered":"https:\/\/www.europesays.com\/fr\/628742\/"},"modified":"2025-12-30T00:17:11","modified_gmt":"2025-12-30T00:17:11","slug":"un-homme-de-29-ans-mis-en-examen-pour-le-meurtre-de-sa-compagne-a-lille-et-place-en-detention-provisoire","status":"publish","type":"post","link":"https:\/\/www.europesays.com\/fr\/628742\/","title":{"rendered":"Un homme de 29 ans mis en examen pour le meurtre de sa compagne \u00e0 Lille et plac\u00e9 en d\u00e9tention provisoire"},"content":{"rendered":"<p>Le suspect avait alert\u00e9 la police et indiqu\u00e9 avoir port\u00e9 des coups de couteau \u00e0 la victime. Selon le parquet de Lille, il n&rsquo;a pas avanc\u00e9 de mobile pour expliquer son geste.<\/p>\n<p>Le compagnon d&rsquo;une femme de 25 ans retrouv\u00e9e morte chez elle dans le centre de Lille samedi a \u00e9t\u00e9 mis en examen ce lundi 29 d\u00e9cembre pour meurtre par conjoint et plac\u00e9 en d\u00e9tention provisoire, a annonc\u00e9 le parquet de Lille.<\/p>\n<p>Le mis en cause \u00e2g\u00e9 de 29 ans avait alert\u00e9 la police, indiquant avoir port\u00e9 des coups de couteaux \u00e0 la victime, a pr\u00e9cis\u00e9 le procureur de la R\u00e9publique adjoint de Lille, Antoine Berthelot. \u00ab\u00a0Aucun mobile possible n&rsquo;est pour l&rsquo;heure avanc\u00e9 par le suspect\u00a0\u00bb, a ajout\u00e9 le parquet de Lille.<\/p>\n<p>Deux f\u00e9minicides la semaine de No\u00ebl<\/p>\n<p>Il s&rsquo;agissait du second f\u00e9minicide la semaine de No\u00ebl \u00e0 Lille. Samedi, un autre homme de 36 ans <a href=\"https:\/\/www.bfmtv.com\/police-justice\/un-homme-mis-en-examen-pour-le-meurtre-de-sa-compagne-de-34-ans-a-lille-le-jour-de-noel_AD-202512280018.html\" title=\"Un homme mis en examen pour le meurtre de sa compagne de 34 ans \u00e0 Lille le jour de No\u00ebl\" class=\"internal_link\" target=\"_blank\" rel=\"noopener\">avait d\u00e9j\u00e0 \u00e9t\u00e9 mis en examen<\/a> pour meurtre par conjoint et \u00e9crou\u00e9 apr\u00e8s la d\u00e9couverte jeudi de sa compagne morte dans leur appartement.<\/p>\n<p>\u00ab\u00a0L&rsquo;autopsie pratiqu\u00e9e sur le corps de la victime laisse appara\u00eetre plusieurs impacts sur le cr\u00e2ne qui permettent de conclure \u00e0 une origine traumatique du d\u00e9c\u00e8s\u00a0\u00bb, intervenu la nuit de No\u00ebl, a pr\u00e9cis\u00e9 lundi le parquet de Lille.<\/p>\n<p>Outre son compagnon, un ami de 47 ans, h\u00e9berg\u00e9 depuis plusieurs semaines au domicile du couple, a \u00e9t\u00e9 mis en examen pour non-assistance \u00e0 personne en danger, et plac\u00e9 sous contr\u00f4le judiciaire.<\/p>\n<p>Chaque jour en France, plus de trois femmes sont victimes de f\u00e9minicide ou tentative de f\u00e9minicide conjugal, un chiffre en hausse sur un an, selon les donn\u00e9es de 2024 de la mission interminist\u00e9rielle pour la protection des femmes (Miprof) publi\u00e9es en novembre.<\/p>\n<p class=\"encadre_text\"><strong>3919: le num\u00e9ro de t\u00e9l\u00e9phone pour les femmes victimes de violences<\/strong><\/p>\n<p>Le \u00ab\u00a0<strong>3919<\/strong>\u00ab\u00a0, \u00ab\u00a0<strong>Violence Femmes Info<\/strong>\u00ab\u00a0, est le num\u00e9ro national de r\u00e9f\u00e9rence pour les femmes victimes de violences (conjugales, sexuelles, psychologiques, mariages forc\u00e9s, mutilations sexuelles, harc\u00e8lement&#8230;). C&rsquo;est <strong>gratuit<\/strong> et <strong>anonyme<\/strong>. Il propose une \u00e9coute, informe et oriente vers des dispositifs d&rsquo;accompagnement et de prise en charge. Ce num\u00e9ro est g\u00e9r\u00e9 par la F\u00e9d\u00e9ration nationale solidarit\u00e9 femmes (FNSF).<\/p>\n","protected":false},"excerpt":{"rendered":"Le suspect avait alert\u00e9 la police et indiqu\u00e9 avoir port\u00e9 des coups de couteau \u00e0 la victime. Selon&hellip;\n","protected":false},"author":2,"featured_media":56184,"comment_status":"","ping_status":"","sticky":false,"template":"","format":"standard","meta":{"footnotes":""},"categories":[2815],"tags":[1111,11,1777,674,1011,27,811,1307,12,25],"class_list":{"0":"post-628742","1":"post","2":"type-post","3":"status-publish","4":"format-standard","5":"has-post-thumbnail","7":"category-lille","8":"tag-actu","9":"tag-actualites","10":"tag-eu","11":"tag-europe","12":"tag-fr","13":"tag-france","14":"tag-hauts-de-france","15":"tag-lille","16":"tag-news","17":"tag-republique-francaise"},"share_on_mastodon":{"url":"https:\/\/pubeurope.com\/@fr\/115805647215377771","error":""},"_links":{"self":[{"href":"https:\/\/www.europesays.com\/fr\/wp-json\/wp\/v2\/posts\/628742","targetHints":{"allow":["GET"]}}],"collection":[{"href":"https:\/\/www.europesays.com\/fr\/wp-json\/wp\/v2\/posts"}],"about":[{"href":"https:\/\/www.europesays.com\/fr\/wp-json\/wp\/v2\/types\/post"}],"author":[{"embeddable":true,"href":"https:\/\/www.europesays.com\/fr\/wp-json\/wp\/v2\/users\/2"}],"replies":[{"embeddable":true,"href":"https:\/\/www.europesays.com\/fr\/wp-json\/wp\/v2\/comments?post=628742"}],"version-history":[{"count":0,"href":"https:\/\/www.europesays.com\/fr\/wp-json\/wp\/v2\/posts\/628742\/revisions"}],"wp:featuredmedia":[{"embeddable":true,"href":"https:\/\/www.europesays.com\/fr\/wp-json\/wp\/v2\/media\/56184"}],"wp:attachment":[{"href":"https:\/\/www.europesays.com\/fr\/wp-json\/wp\/v2\/media?parent=628742"}],"wp:term":[{"taxonomy":"category","embeddable":true,"href":"https:\/\/www.europesays.com\/fr\/wp-json\/wp\/v2\/categories?post=628742"},{"taxonomy":"post_tag","embeddable":true,"href":"https:\/\/www.europesays.com\/fr\/wp-json\/wp\/v2\/tags?post=628742"}],"curies":[{"name":"wp","href":"https:\/\/api.w.org\/{rel}","templated":true}]}}