{"id":628743,"date":"2025-12-30T00:18:12","date_gmt":"2025-12-30T00:18:12","guid":{"rendered":"https:\/\/www.europesays.com\/fr\/628743\/"},"modified":"2025-12-30T00:18:12","modified_gmt":"2025-12-30T00:18:12","slug":"la-cgt-depose-un-preavis-de-greve-pour-janvier-2026-dans-les-services-municipaux-marseillais","status":"publish","type":"post","link":"https:\/\/www.europesays.com\/fr\/628743\/","title":{"rendered":"La CGT d\u00e9pose un pr\u00e9avis de gr\u00e8ve pour janvier 2026 dans les services municipaux marseillais"},"content":{"rendered":"<p>\t    La CGT d\u00e9pose un pr\u00e9avis de gr\u00e8ve pour janvier 2026 dans les services municipaux marseillais &#8211; Marsactu<\/p>\n<p>&#13;<br \/>\n\t\t&#13;<\/p>\n<p>Nous utilisons des cookies pour vous garantir la meilleure exp\u00e9rience sur notre site. Vous pouvez choisir de refuser les cookies.J&rsquo;accepteNonEn savoir plus<\/p>\n<p>\t\t&#13;<\/p>\n","protected":false},"excerpt":{"rendered":"La CGT d\u00e9pose un pr\u00e9avis de gr\u00e8ve pour janvier 2026 dans les services municipaux marseillais &#8211; Marsactu &#13;&hellip;\n","protected":false},"author":2,"featured_media":628744,"comment_status":"","ping_status":"","sticky":false,"template":"","format":"standard","meta":{"footnotes":""},"categories":[2814],"tags":[1111,11,1777,674,1011,27,884,12,882,25],"class_list":{"0":"post-628743","1":"post","2":"type-post","3":"status-publish","4":"format-standard","5":"has-post-thumbnail","7":"category-marseille","8":"tag-actu","9":"tag-actualites","10":"tag-eu","11":"tag-europe","12":"tag-fr","13":"tag-france","14":"tag-marseille","15":"tag-news","16":"tag-provence-alpes-cote-dazur","17":"tag-republique-francaise"},"share_on_mastodon":{"url":"https:\/\/pubeurope.com\/@fr\/115805651245056080","error":""},"_links":{"self":[{"href":"https:\/\/www.europesays.com\/fr\/wp-json\/wp\/v2\/posts\/628743","targetHints":{"allow":["GET"]}}],"collection":[{"href":"https:\/\/www.europesays.com\/fr\/wp-json\/wp\/v2\/posts"}],"about":[{"href":"https:\/\/www.europesays.com\/fr\/wp-json\/wp\/v2\/types\/post"}],"author":[{"embeddable":true,"href":"https:\/\/www.europesays.com\/fr\/wp-json\/wp\/v2\/users\/2"}],"replies":[{"embeddable":true,"href":"https:\/\/www.europesays.com\/fr\/wp-json\/wp\/v2\/comments?post=628743"}],"version-history":[{"count":0,"href":"https:\/\/www.europesays.com\/fr\/wp-json\/wp\/v2\/posts\/628743\/revisions"}],"wp:featuredmedia":[{"embeddable":true,"href":"https:\/\/www.europesays.com\/fr\/wp-json\/wp\/v2\/media\/628744"}],"wp:attachment":[{"href":"https:\/\/www.europesays.com\/fr\/wp-json\/wp\/v2\/media?parent=628743"}],"wp:term":[{"taxonomy":"category","embeddable":true,"href":"https:\/\/www.europesays.com\/fr\/wp-json\/wp\/v2\/categories?post=628743"},{"taxonomy":"post_tag","embeddable":true,"href":"https:\/\/www.europesays.com\/fr\/wp-json\/wp\/v2\/tags?post=628743"}],"curies":[{"name":"wp","href":"https:\/\/api.w.org\/{rel}","templated":true}]}}