{"id":628749,"date":"2025-12-30T00:21:14","date_gmt":"2025-12-30T00:21:14","guid":{"rendered":"https:\/\/www.europesays.com\/fr\/628749\/"},"modified":"2025-12-30T00:21:14","modified_gmt":"2025-12-30T00:21:14","slug":"ce-que-lon-sait-du-meurtre-sur-un-point-de-deal-a-vaulx-en-velin","status":"publish","type":"post","link":"https:\/\/www.europesays.com\/fr\/628749\/","title":{"rendered":"ce que l\u2019on sait du meurtre sur un point de deal \u00e0 Vaulx-en-Velin"},"content":{"rendered":"<p>\u00ab\u00a0On entend mais on ne sait rien.\u00a0\u00bb Quelques heures apr\u00e8s le meurtre par balles d\u2019un homme de 31 ans, sur un point de deal, au Mas-du-Taureau, \u00e0 Vaulx-en-Velin (Est lyonnais), l\u2019omerta habituelle se m\u00eale \u00e0 un froid glacial, dans le quartier populaire.<\/p>\n<p>Seule une petite trace de sang, au pied de la tour du 1, rue des Vergers, t\u00e9moigne du drame qui s\u2019est nou\u00e9 dimanche, vers 22 heures. Un homme v\u00eatu de sombre, encapuchonn\u00e9, a gravi quelques marches pour faire feu \u00e0 deux reprises sur la victime avec une arme de poing, la blessant mortellement \u00e0 l\u2019omoplate et \u00e0 l\u2019aisselle, pr\u00e8s de l\u2019entr\u00e9e du b\u00e2timent de 15 \u00e9tages, connu pour son mur d\u2019escalade g\u00e9ant. Le meurtrier serait reparti \u00e0 pied, traversant la place Guy-Moquet voisine puis la rue Ernest-Renan. L\u2019exploitation de la vid\u00e9osurveillance semble avoir \u00e9cart\u00e9 la pr\u00e9sence d\u2019un complice&#8230;<\/p>\n","protected":false},"excerpt":{"rendered":"\u00ab\u00a0On entend mais on ne sait rien.\u00a0\u00bb Quelques heures apr\u00e8s le meurtre par balles d\u2019un homme de 31&hellip;\n","protected":false},"author":2,"featured_media":628750,"comment_status":"","ping_status":"","sticky":false,"template":"","format":"standard","meta":{"footnotes":""},"categories":[1889],"tags":[1111,11,2430,271,272,3152,1777,674,274,107,1011,27,2428,8721,12,25,2429,5070,5449],"class_list":{"0":"post-628749","1":"post","2":"type-post","3":"status-publish","4":"format-standard","5":"has-post-thumbnail","7":"category-lyon","8":"tag-actu","9":"tag-actualites","10":"tag-auvergne-rhone-alpes","11":"tag-crime","12":"tag-delit-et-contravention","13":"tag-edition-est-lyonnais","14":"tag-eu","15":"tag-europe","16":"tag-faits-divers-justice","17":"tag-fil-info","18":"tag-fr","19":"tag-france","20":"tag-lyon","21":"tag-narcotrafic","22":"tag-news","23":"tag-republique-francaise","24":"tag-rhone","25":"tag-vaulx-en-velin","26":"tag-vaulx-ville"},"share_on_mastodon":{"url":"https:\/\/pubeurope.com\/@fr\/115805662910939046","error":""},"_links":{"self":[{"href":"https:\/\/www.europesays.com\/fr\/wp-json\/wp\/v2\/posts\/628749","targetHints":{"allow":["GET"]}}],"collection":[{"href":"https:\/\/www.europesays.com\/fr\/wp-json\/wp\/v2\/posts"}],"about":[{"href":"https:\/\/www.europesays.com\/fr\/wp-json\/wp\/v2\/types\/post"}],"author":[{"embeddable":true,"href":"https:\/\/www.europesays.com\/fr\/wp-json\/wp\/v2\/users\/2"}],"replies":[{"embeddable":true,"href":"https:\/\/www.europesays.com\/fr\/wp-json\/wp\/v2\/comments?post=628749"}],"version-history":[{"count":0,"href":"https:\/\/www.europesays.com\/fr\/wp-json\/wp\/v2\/posts\/628749\/revisions"}],"wp:featuredmedia":[{"embeddable":true,"href":"https:\/\/www.europesays.com\/fr\/wp-json\/wp\/v2\/media\/628750"}],"wp:attachment":[{"href":"https:\/\/www.europesays.com\/fr\/wp-json\/wp\/v2\/media?parent=628749"}],"wp:term":[{"taxonomy":"category","embeddable":true,"href":"https:\/\/www.europesays.com\/fr\/wp-json\/wp\/v2\/categories?post=628749"},{"taxonomy":"post_tag","embeddable":true,"href":"https:\/\/www.europesays.com\/fr\/wp-json\/wp\/v2\/tags?post=628749"}],"curies":[{"name":"wp","href":"https:\/\/api.w.org\/{rel}","templated":true}]}}