{"id":628776,"date":"2025-12-30T00:37:15","date_gmt":"2025-12-30T00:37:15","guid":{"rendered":"https:\/\/www.europesays.com\/fr\/628776\/"},"modified":"2025-12-30T00:37:15","modified_gmt":"2025-12-30T00:37:15","slug":"un-registre-national-du-cancer-en-france-officiellement-lance","status":"publish","type":"post","link":"https:\/\/www.europesays.com\/fr\/628776\/","title":{"rendered":"Un registre national du cancer en France officiellement lanc\u00e9"},"content":{"rendered":"<ul class=\"jsx-862013697 ArticleChapo__List\">\n<li class=\"jsx-862013697 ArticleChapo__List_Item flex\">Dans le sillage d&rsquo;une loi sur le sujet, le minist\u00e8re de la Sant\u00e9 et l&rsquo;Institut national du cancer ont annonc\u00e9 le coup d&rsquo;envoi d&rsquo;un registre sur le sujet.<\/li>\n<li class=\"jsx-862013697 ArticleChapo__List_Item flex\">L&rsquo;objectif est de \u00ab\u00a0recueillir les donn\u00e9es\u00a0\u00bb sur tous les cas de cancer dans le pays, ont-ils indiqu\u00e9, saluant \u00ab\u00a0une avanc\u00e9e majeure pour am\u00e9liorer la connaissance de l&rsquo;\u00e9pid\u00e9miologie des cancers\u00a0\u00bb.<\/li>\n<\/ul>\n<p data-module=\"article-paragraph\" class=\"jsx-157965717 Paragraph\">Mieux conna\u00eetre, pr\u00e9venir et traiter la maladie. La cr\u00e9ation d&rsquo;un registre national des cancers est d\u00e9sormais officiellement lanc\u00e9e, ont rapport\u00e9 lundi 29 d\u00e9cembre le minist\u00e8re de la Sant\u00e9 et l&rsquo;Institut national du cancer (INCa), annon\u00e7ant un d\u00e9ploiement progressif. Le d\u00e9cret fixant les modalit\u00e9s de mise en \u0153uvre de ce registre a \u00e9t\u00e9 publi\u00e9 dimanche au Journal officiel, environ six mois apr\u00e8s l&rsquo;adoption d\u00e9finitive au Parlement d&rsquo;une loi <a href=\"https:\/\/www.tf1info.fr\/politique\/un-sujet-intime-et-politique-l-ex-ministre-de-la-sante-aurelien-rousseau-revele-etre-atteint-d-un-cancer-2374780.html\" target=\"_blank\" rel=\"noopener\">sur le sujet (nouvelle fen\u00eatre)<\/a>.\u00a0<\/p>\n<p data-module=\"article-paragraph\" class=\"jsx-157965717 Paragraph Paragraph__End\">Le registre national, pilot\u00e9 par l&rsquo;INCa, vise \u00e0 \u00ab\u00a0recueillir les donn\u00e9es concernant l&rsquo;ensemble des <a href=\"https:\/\/www.tf1info.fr\/sante\/verif-la-france-detient-elle-reellement-le-record-du-monde-des-incidences-des-cancers-du-sein-2404426.html\" target=\"_blank\" rel=\"noopener\">cas de cancers sur le territoire (nouvelle fen\u00eatre)<\/a>\u00ab\u00a0. Une d\u00e9marche r\u00e9alis\u00e9e \u00e0 partir de \u00ab\u00a0la collecte et l&rsquo;appariement, de mani\u00e8re pseudonymis\u00e9e, de donn\u00e9es issues de sources multiples &#8211; registres de cancers, bases nationales existantes, donn\u00e9es cliniques et biologiques, donn\u00e9es de soins et de d\u00e9pistage\u00a0\u00bb, ont rappel\u00e9 le minist\u00e8re et l&rsquo;Institut dans un communiqu\u00e9.<\/p>\n<p>\u00ab\u00a0Mesurer les in\u00e9galit\u00e9s sociales\u00a0\u00bb et \u00ab\u00a0l&rsquo;impact\u00a0\u00bb de la pr\u00e9vention et du d\u00e9pistage<\/p>\n<p data-module=\"article-paragraph\" class=\"jsx-157965717 Paragraph\">Sa mise en place \u00ab\u00a0constitue une avanc\u00e9e majeure pour am\u00e9liorer la connaissance de l&rsquo;\u00e9pid\u00e9miologie des cancers\u00a0\u00bb, en permettant de \u00ab\u00a0produire et de diffuser des indicateurs fiables d&rsquo;incidence et de mortalit\u00e9, avec des analyses aux niveaux national, r\u00e9gional et infra-r\u00e9gional\u00a0\u00bb, ont-ils fait valoir. Mais aussi \u00ab\u00a0de renforcer les outils de surveillance de l&rsquo;\u00e9tat de sant\u00e9 des populations\u00a0\u00bb.\u00a0<\/p>\n<p data-module=\"article-paragraph\" class=\"jsx-157965717 Paragraph Paragraph__End\">\u00ab\u00a0Disposer de ces donn\u00e9es, c&rsquo;est se donner les moyens de mieux objectiver les r\u00e9alit\u00e9s, de mesurer les in\u00e9galit\u00e9s sociales et territoriales, d&rsquo;\u00e9valuer l&rsquo;impact des actions <a href=\"https:\/\/www.tf1info.fr\/sante\/plusieurs-personnes-vont-etre-recrutees-bientot-un-programme-de-depistage-du-cancer-du-poumon-2396736.html\" target=\"_blank\" rel=\"noopener\">de pr\u00e9vention et de d\u00e9pistage (nouvelle fen\u00eatre)<\/a>, et d&rsquo;orienter la recherche et les politiques publiques\u00a0\u00bb, ont notamment salu\u00e9 le pr\u00e9sident de l&rsquo;Institut national du cancer, le Dr Norbert Ifrah, et le directeur g\u00e9n\u00e9ral, Nicolas Scott\u00e9, cit\u00e9s dans le communiqu\u00e9.<\/p>\n<p><a href=\"https:\/\/www.tf1info.fr\/sante\/verif-se-dirige-t-on-vers-un-tsunami-de-cancers-comme-l-anticipe-l-ex-ministre-de-la-sante-aurelien-rousseau-2375159.html\" rel=\"noopener\" class=\"jsx-3308031228 Link flex\" target=\"_blank\"><img decoding=\"async\" src=\"https:\/\/www.europesays.com\/fr\/wp-content\/uploads\/2025\/12\/tsunami-cas-de-cancer-verif-03c2c3-0@1x.jpeg\" alt=\"iStock\" loading=\"lazy\" importance=\"low\" fetchpriority=\"low\" class=\"\" aria-hidden=\"true\"\/><\/p>\n<p class=\"jsx-3657663356 ReadMoreArticle__Title\">Lire aussi<\/p>\n<p class=\"jsx-3657663356\">V\u00c9RIF&rsquo; &#8211; Se dirige-t-on vers un \u00ab\u00a0tsunami\u00a0\u00bb de cancers, comme l&rsquo;anticipe un ex-ministre de la Sant\u00e9 ?<\/p>\n<p><\/a><\/p>\n<p data-module=\"article-paragraph\" class=\"jsx-157965717 Paragraph\">Le d\u00e9ploiement du registre, \u00ab\u00a0une action majeure de la strat\u00e9gie d\u00e9cennale de <a href=\"https:\/\/www.tf1info.fr\/sante\/cancer-du-sein-le-role-majeur-de-la-prevention-dans-la-lutte-contre-la-maladie-2283815.html\" target=\"_blank\" rel=\"noopener\">lutte contre les cancers (nouvelle fen\u00eatre)<\/a> 2021-2030&Prime;, sera \u00ab\u00a0progressif\u00a0\u00bb, en lien avec les diff\u00e9rents acteurs concern\u00e9s de la sant\u00e9 comme du num\u00e9rique, selon le minist\u00e8re et l&rsquo;INCa.\u00a0<\/p>\n<p data-module=\"article-paragraph\" class=\"jsx-157965717 Paragraph Paragraph__End\">Actuellement, une trentaine de registres g\u00e9n\u00e9raux non sp\u00e9cialis\u00e9s couvre moins d&rsquo;un quart de la population, \u00ab\u00a0si bien que les donn\u00e9es disponibles reposent sur des extrapolations, dont la fiabilit\u00e9 est sujette \u00e0 caution\u00a0\u00bb, a d\u00e9plor\u00e9 le Pr Fran\u00e7ois Guilhot, membre de l&rsquo;Acad\u00e9mie de m\u00e9decine, cit\u00e9 dans un rapport du d\u00e9put\u00e9 macroniste Michel Lauzzana. \u00ab\u00a0Il manque des donn\u00e9es sur la population la plus socialement vuln\u00e9rable et les zones expos\u00e9es \u00e0 des risques environnementaux\u00a0\u00bb, avait pr\u00e9cis\u00e9 en juin \u00e0 l&rsquo;AFP le Dr Claire Morgand, directrice de l&rsquo;observation des sciences des donn\u00e9es et de l&rsquo;\u00e9valuation \u00e0 l&rsquo;INCa.<\/p>\n<p>M.L. avec AFP<\/p>\n","protected":false},"excerpt":{"rendered":"Dans le sillage d&rsquo;une loi sur le sujet, le minist\u00e8re de la Sant\u00e9 et l&rsquo;Institut national du cancer&hellip;\n","protected":false},"author":2,"featured_media":628777,"comment_status":"","ping_status":"","sticky":false,"template":"","format":"standard","meta":{"footnotes":""},"categories":[4],"tags":[1111,11,1921,101,1011,27,1922,12,73817,4144,25,71,5699,801,133,6230,14843],"class_list":{"0":"post-628776","1":"post","2":"type-post","3":"status-publish","4":"format-standard","5":"has-post-thumbnail","7":"category-france","8":"tag-actu","9":"tag-actualites","10":"tag-article-video","11":"tag-cancer","12":"tag-fr","13":"tag-france","14":"tag-info","15":"tag-news","16":"tag-politique-de-sante","17":"tag-politique-du-gouvernement","18":"tag-republique-francaise","19":"tag-sante","20":"tag-sante-publique","21":"tag-social","22":"tag-video","23":"tag-video-sante-et-bien-etre","24":"tag-vie-politique-francaise"},"share_on_mastodon":{"url":"https:\/\/pubeurope.com\/@fr\/115805725858287186","error":""},"_links":{"self":[{"href":"https:\/\/www.europesays.com\/fr\/wp-json\/wp\/v2\/posts\/628776","targetHints":{"allow":["GET"]}}],"collection":[{"href":"https:\/\/www.europesays.com\/fr\/wp-json\/wp\/v2\/posts"}],"about":[{"href":"https:\/\/www.europesays.com\/fr\/wp-json\/wp\/v2\/types\/post"}],"author":[{"embeddable":true,"href":"https:\/\/www.europesays.com\/fr\/wp-json\/wp\/v2\/users\/2"}],"replies":[{"embeddable":true,"href":"https:\/\/www.europesays.com\/fr\/wp-json\/wp\/v2\/comments?post=628776"}],"version-history":[{"count":0,"href":"https:\/\/www.europesays.com\/fr\/wp-json\/wp\/v2\/posts\/628776\/revisions"}],"wp:featuredmedia":[{"embeddable":true,"href":"https:\/\/www.europesays.com\/fr\/wp-json\/wp\/v2\/media\/628777"}],"wp:attachment":[{"href":"https:\/\/www.europesays.com\/fr\/wp-json\/wp\/v2\/media?parent=628776"}],"wp:term":[{"taxonomy":"category","embeddable":true,"href":"https:\/\/www.europesays.com\/fr\/wp-json\/wp\/v2\/categories?post=628776"},{"taxonomy":"post_tag","embeddable":true,"href":"https:\/\/www.europesays.com\/fr\/wp-json\/wp\/v2\/tags?post=628776"}],"curies":[{"name":"wp","href":"https:\/\/api.w.org\/{rel}","templated":true}]}}