{"id":628781,"date":"2025-12-30T00:45:14","date_gmt":"2025-12-30T00:45:14","guid":{"rendered":"https:\/\/www.europesays.com\/fr\/628781\/"},"modified":"2025-12-30T00:45:14","modified_gmt":"2025-12-30T00:45:14","slug":"cyclisme-cyclo-cross-la-suite-des-ce-mardi-du-calendrier-2025-2026-de-cyclo-cross","status":"publish","type":"post","link":"https:\/\/www.europesays.com\/fr\/628781\/","title":{"rendered":"Cyclisme. Cyclo-cross &#8211; La suite d\u00e8s ce mardi du calendrier 2025-2026 de cyclo-cross"},"content":{"rendered":"<p>La saison sur route se termine \u00e0 peine que celle de cyclo-cross  commence ! Comme chaque hiver, les adeptes des labour\u00e9s\u00a0auront\u00a0pour point d&rsquo;orgue de cette  saison les\u00a0<strong><a href=\"https:\/\/www.cyclismactu.net\/..\/news-championnats-du-monde-cyclo-cross-7e-titre-de-mathieu-van-der-poel-wout-van-aert-2e-86162.html\" target=\"_blank\" rel=\"noopener\">Championnats du Monde<\/a><\/strong>,\u00a0organis\u00e9s aux Pays-Bas, \u00e0 Hulst, les 31 janvier et 1er f\u00e9vrier 2026.\u00a0La <strong><a href=\"https:\/\/www.cyclismactu.net\/..\/news-coupe-du-monde-route-le-calendrier-2025-2026-un-cyclo-cross-en-france-86192.html\" target=\"_blank\" rel=\"noopener\">Coupe du Monde<\/a><\/strong>, l&rsquo;<strong>Exact Cross<\/strong>, le\u00a0<strong>Superprestige<\/strong>, le\u00a0<strong>X\u00b2O Badkamers Trofee<\/strong>, la\u00a0<strong>Coupe de France<\/strong>&#8230; Difficile de s&rsquo;y retrouver parmi tous ces circuits et comp\u00e9titions.\u00a0<strong>Cyclism&rsquo;Actu\u00a0<\/strong>vous  propose donc ci-dessous une liste de toutes les dates des grands  rendez-vous de l&rsquo;hiver, pour ne rien manquer des batailles \u00e0 venir entre  les meilleurs pilotes du monde.<\/p>\n<p>Vid\u00e9o &#8211;  Lire la suite de l&rsquo;article&#13;<\/p>\n<p><iframe loading=\"lazy\" title=\"Cyclo-cross - X2O Badkamers Trofee Loenhout 2025 - Mathieu van der Poel s\u2019impose, journ\u00e9e noire pour van Aert\" frameborder=\"0\" width=\"1200\" height=\"674\" src=\"https:\/\/geo.dailymotion.com\/player.html?video=x9wmtuy&#038;\" allowfullscreen allow=\"autoplay; fullscreen; picture-in-picture; web-share\"><\/iframe><\/p>\n<p>&#13;<br \/>\n<strong>Calendrier Cyclo-Cross 2025-2026 \u2013 \u00c9preuves majeures<\/strong>&#13;<br \/>\n<strong>Octobre 2025<\/strong>&#13;<\/p>\n<ul>&#13;<\/p>\n<li>&#13;\n<p><strong>04\/10<\/strong> \u2013 Exact Cross Meulebeke \u2013 Berencross | Meulebeke (BEL)<\/p>\n<p>&#13;\n<\/li>\n<p>&#13;<\/p>\n<li>&#13;\n<p><strong>18\/10<\/strong> \u2013 Exact Cross Essen | Essen (BEL)<\/p>\n<p>&#13;\n<\/li>\n<p>&#13;<\/p>\n<li>&#13;\n<p><strong>19\/10<\/strong> \u2013 Superprestige Ruddervoorde | Ruddervoorde (BEL)<\/p>\n<p>&#13;\n<\/li>\n<p>&#13;<\/p>\n<li>&#13;\n<p><strong>25\/10<\/strong> \u2013 Exact Cross Heerderstrand | Heerde (NED)<\/p>\n<p>&#13;\n<\/li>\n<p>&#13;<\/p>\n<li>&#13;\n<p><strong>25\/10<\/strong> \u2013 Coupe de France #1 \u2013 Albi | Albi (FRA)<\/p>\n<p>&#13;\n<\/li>\n<p>&#13;<\/p>\n<li>&#13;\n<p><strong>26\/10<\/strong> \u2013 Superprestige Overijse \u2013 Vlaamse Druivencross | Overijse (BEL)<\/p>\n<p>&#13;\n<\/li>\n<p>&#13;<\/p>\n<li>&#13;\n<p><strong>26\/10<\/strong> \u2013 Coupe de France #2 \u2013 Albi | Albi (FRA)<\/p>\n<p>&#13;\n<\/li>\n<p>&#13;\n<\/ul>\n<p>&#13;<\/p>\n<p>\u00a0<\/p>\n<p>&#13;<br \/>\n<strong>Novembre 2025<\/strong>&#13;<\/p>\n<ul>&#13;<\/p>\n<li>&#13;\n<p><strong>01\/11<\/strong> \u2013 X2O Trofee Oudenaarde \u2013 Koppenbergcross | Oudenaarde (BEL)<\/p>\n<p>&#13;\n<\/li>\n<p>&#13;<\/p>\n<li>&#13;\n<p><strong>02\/11<\/strong> \u2013 X2O Trofee Lokeren \u2013 Rapencross | Lokeren (BEL)<\/p>\n<p>&#13;\n<\/li>\n<p>&#13;<\/p>\n<li>&#13;\n<p><strong>02\/11<\/strong> \u2013 Coupe de France #3 \u2013 Langres | Langres (FRA)<\/p>\n<p>&#13;\n<\/li>\n<p>&#13;<\/p>\n<li>&#13;\n<p><strong>09\/11<\/strong> \u2013 UEC European Championships | Middelkerke (BEL)<\/p>\n<p>&#13;\n<\/li>\n<p>&#13;<\/p>\n<li>&#13;\n<p><strong>11\/11<\/strong> \u2013 Superprestige Niel \u2013 Jaarmarktcross | Niel (BEL)<\/p>\n<p>&#13;\n<\/li>\n<p>&#13;<\/p>\n<li>&#13;\n<p><strong>15\/11<\/strong> \u2013 Superprestige Merksplas | Merksplas (BEL)<\/p>\n<p>&#13;\n<\/li>\n<p>&#13;<\/p>\n<li>&#13;\n<p><strong>15\/11<\/strong> \u2013 Coupe de France #4 \u2013 Quelneuc | Quelneuc (FRA)<\/p>\n<p>&#13;\n<\/li>\n<p>&#13;<\/p>\n<li>&#13;\n<p><strong>16\/11<\/strong> \u2013 X2O Trofee Hamme \u2013 Flandriencross | Hamme (BEL)<\/p>\n<p>&#13;\n<\/li>\n<p>&#13;<\/p>\n<li>&#13;\n<p><strong>16\/11<\/strong> \u2013 VAM-berg Cross Wijster | Wijster (NED)<\/p>\n<p>&#13;\n<\/li>\n<p>&#13;<\/p>\n<li>&#13;\n<p><strong>23\/11<\/strong> \u2013 UCI World Cup Tabor | Tabor (CZE)<\/p>\n<p>&#13;\n<\/li>\n<p>&#13;<\/p>\n<li>&#13;\n<p><strong>30\/11<\/strong> \u2013 UCI World Cup Flamanville | Flamanville (FRA)<\/p>\n<p>&#13;\n<\/li>\n<p>&#13;\n<\/ul>\n<p>&#13;<\/p>\n<p>\u00a0<\/p>\n<p>&#13;<br \/>\n<strong>D\u00e9cembre 2025<\/strong>&#13;<\/p>\n<ul>&#13;<\/p>\n<li>&#13;\n<p><strong>07\/12<\/strong> \u2013 UCI World Cup Terralba | Terralba (ITA)<\/p>\n<p>&#13;\n<\/li>\n<p>&#13;<\/p>\n<li>&#13;\n<p><strong>13\/12<\/strong> \u2013 Exact Cross Kortrijk \u2013 Urban Cross | Kortrijk (BEL)<\/p>\n<p>&#13;\n<\/li>\n<p>&#13;<\/p>\n<li>&#13;\n<p><strong>14\/12<\/strong> \u2013 UCI World Cup Namur | Namur (BEL)<\/p>\n<p>&#13;\n<\/li>\n<p>&#13;<\/p>\n<li>&#13;\n<p><strong>14\/12<\/strong> \u2013 Coupe de France #5 \u2013 Ouistreham | Ouistreham (FRA)<\/p>\n<p>&#13;\n<\/li>\n<p>&#13;<\/p>\n<li>&#13;\n<p><strong>20\/12<\/strong> \u2013 UCI World Cup Antwerpen | Antwerpen (BEL)<\/p>\n<p>&#13;\n<\/li>\n<p>&#13;<\/p>\n<li>&#13;\n<p><strong>21\/12<\/strong> \u2013 UCI World Cup Koksijde | Koksijde (BEL)<\/p>\n<p>&#13;\n<\/li>\n<p>&#13;<\/p>\n<li>&#13;\n<p><strong>22\/12<\/strong> \u2013 X2O Trofee Hofstade \u2013 Plage Cross | Hofstade (BEL)<\/p>\n<p>&#13;\n<\/li>\n<p>&#13;<\/p>\n<li>&#13;\n<p><strong>23\/12<\/strong> \u2013 Superprestige Heusden-Zolder | Heusden-Zolder (BEL)<\/p>\n<p>&#13;\n<\/li>\n<p>&#13;<\/p>\n<li>&#13;\n<p><strong>26\/12<\/strong> \u2013 UCI World Cup Gavere | Gavere (BEL)<\/p>\n<p>&#13;\n<\/li>\n<p>&#13;<\/p>\n<li>&#13;\n<p><strong>28\/12<\/strong> \u2013 UCI World Cup Dendermonde | Dendermonde (BEL)<\/p>\n<p>&#13;\n<\/li>\n<p>&#13;<\/p>\n<li>&#13;\n<p><strong>29\/12<\/strong> \u2013 X2O Trofee Loenhout \u2013 Azencross | Loenhout (BEL)<\/p>\n<p>&#13;\n<\/li>\n<p>&#13;<\/p>\n<li>&#13;\n<p><strong>30\/12<\/strong> \u2013 Superprestige Diegem | Diegem (BEL)<\/p>\n<p>&#13;\n<\/li>\n<p>&#13;\n<\/ul>\n<p>&#13;<\/p>\n<p>\u00a0<\/p>\n<p>&#13;<br \/>\n<strong>Janvier 2026<\/strong>&#13;<\/p>\n<ul>&#13;<\/p>\n<li>&#13;\n<p><strong>01\/01<\/strong> \u2013 X2O Trofee Baal \u2013 GP Sven Nys | Baal (BEL)<\/p>\n<p>&#13;\n<\/li>\n<p>&#13;<\/p>\n<li>&#13;\n<p><strong>02\/01<\/strong> \u2013 Exact Cross Mol \u2013 Zilvermeercross | Mol (BEL)<\/p>\n<p>&#13;\n<\/li>\n<p>&#13;<\/p>\n<li>&#13;\n<p><strong>03\/01<\/strong> \u2013 Superprestige Gullegem | Gullegem (BEL)<\/p>\n<p>&#13;\n<\/li>\n<p>&#13;<\/p>\n<li>&#13;\n<p><strong>04\/01<\/strong> \u2013 UCI World Cup Zonhoven | Zonhoven (BEL)<\/p>\n<p>&#13;\n<\/li>\n<p>&#13;<\/p>\n<li>&#13;\n<p><strong>11\/01<\/strong> \u2013 Championnats Nationaux<\/p>\n<p>&#13;\n<\/li>\n<p>&#13;<\/p>\n<li>&#13;\n<p><strong>12\/01<\/strong> \u2013 Cyclocross Otegem | Otegem (BEL)<\/p>\n<p>&#13;\n<\/li>\n<p>&#13;<\/p>\n<li>&#13;\n<p><strong>18\/01<\/strong> \u2013 UCI World Cup Benidorm | Benidorm (ESP)<\/p>\n<p>&#13;\n<\/li>\n<p>&#13;<\/p>\n<li>&#13;\n<p><strong>24\/01<\/strong> \u2013 UCI World Cup Maasmechelen | Maasmechelen (BEL)<\/p>\n<p>&#13;\n<\/li>\n<p>&#13;<\/p>\n<li>&#13;\n<p><strong>25\/01<\/strong> \u2013 UCI World Cup Hoogerheide | Hoogerheide (NED)<\/p>\n<p>&#13;\n<\/li>\n<p>&#13;\n<\/ul>\n<p>&#13;<\/p>\n<p>\u00a0<\/p>\n<p>&#13;<br \/>\n<strong>F\u00e9vrier 2026<\/strong>&#13;<\/p>\n<ul>&#13;<\/p>\n<li>&#13;\n<p><strong>01\/02<\/strong> \u2013 UCI World Championships Hulst | Hulst (NED)<\/p>\n<p>&#13;\n<\/li>\n<p>&#13;<\/p>\n<li>&#13;\n<p><strong>04\/02<\/strong> \u2013 Exact Cross Maldegem \u2013 Parkcross | Maldegem (BEL)<\/p>\n<p>&#13;\n<\/li>\n<p>&#13;<\/p>\n<li>&#13;\n<p><strong>07\/02<\/strong> \u2013 Superprestige Middelkerke \u2013 Noordzeecross | Middelkerke (BEL)<\/p>\n<p>&#13;\n<\/li>\n<p>&#13;<\/p>\n<li>&#13;\n<p><strong>08\/02<\/strong> \u2013 X2O Trofee Lille \u2013 Krawatencross | Lille (BEL)<\/p>\n<p>&#13;\n<\/li>\n<p>&#13;<\/p>\n<li>&#13;\n<p><strong>14\/02<\/strong> \u2013 Exact Cross Sint-Niklaas \u2013 Waaslandcross | Sint-Niklaas (BEL)<\/p>\n<p>&#13;\n<\/li>\n<p>&#13;<\/p>\n<li>&#13;\n<p><strong>15\/02<\/strong> \u2013 X2O Trofee Brussels \u2013 Brussels Universities Cyclocross | Bruxelles (BEL)<\/p>\n<p>&#13;\n<\/li>\n<p>&#13;<\/p>\n<li>&#13;\n<p><strong>22\/02<\/strong> \u2013 Internationale Sluitingsprijs Oostmalle | Oostmalle (BEL)<\/p>\n<p>&#13;\n<\/li>\n<p>&#13;\n<\/ul>\n","protected":false},"excerpt":{"rendered":"La saison sur route se termine \u00e0 peine que celle de cyclo-cross commence ! Comme chaque hiver, les&hellip;\n","protected":false},"author":2,"featured_media":628782,"comment_status":"","ping_status":"","sticky":false,"template":"","format":"standard","meta":{"footnotes":""},"categories":[1411],"tags":[1154,207,59294,211,1011,27,209,60,210,212,208,213],"class_list":{"0":"post-628781","1":"post","2":"type-post","3":"status-publish","4":"format-standard","5":"has-post-thumbnail","7":"category-cyclisme","8":"tag-cycling","9":"tag-cyclisme","10":"tag-cyclo-cross","11":"tag-ffc","12":"tag-fr","13":"tag-france","14":"tag-route","15":"tag-sports","16":"tag-tour-de-france","17":"tag-uci","18":"tag-velo","19":"tag-world-tour"},"share_on_mastodon":{"url":"https:\/\/pubeurope.com\/@fr\/115805757399322363","error":""},"_links":{"self":[{"href":"https:\/\/www.europesays.com\/fr\/wp-json\/wp\/v2\/posts\/628781","targetHints":{"allow":["GET"]}}],"collection":[{"href":"https:\/\/www.europesays.com\/fr\/wp-json\/wp\/v2\/posts"}],"about":[{"href":"https:\/\/www.europesays.com\/fr\/wp-json\/wp\/v2\/types\/post"}],"author":[{"embeddable":true,"href":"https:\/\/www.europesays.com\/fr\/wp-json\/wp\/v2\/users\/2"}],"replies":[{"embeddable":true,"href":"https:\/\/www.europesays.com\/fr\/wp-json\/wp\/v2\/comments?post=628781"}],"version-history":[{"count":0,"href":"https:\/\/www.europesays.com\/fr\/wp-json\/wp\/v2\/posts\/628781\/revisions"}],"wp:featuredmedia":[{"embeddable":true,"href":"https:\/\/www.europesays.com\/fr\/wp-json\/wp\/v2\/media\/628782"}],"wp:attachment":[{"href":"https:\/\/www.europesays.com\/fr\/wp-json\/wp\/v2\/media?parent=628781"}],"wp:term":[{"taxonomy":"category","embeddable":true,"href":"https:\/\/www.europesays.com\/fr\/wp-json\/wp\/v2\/categories?post=628781"},{"taxonomy":"post_tag","embeddable":true,"href":"https:\/\/www.europesays.com\/fr\/wp-json\/wp\/v2\/tags?post=628781"}],"curies":[{"name":"wp","href":"https:\/\/api.w.org\/{rel}","templated":true}]}}