{"id":628788,"date":"2025-12-30T00:48:32","date_gmt":"2025-12-30T00:48:32","guid":{"rendered":"https:\/\/www.europesays.com\/fr\/628788\/"},"modified":"2025-12-30T00:48:32","modified_gmt":"2025-12-30T00:48:32","slug":"diaporama-lannee-2025-dans-lobjectif-de-notre-photographe-sebastien-lapeyrere-ladepeche-fr","status":"publish","type":"post","link":"https:\/\/www.europesays.com\/fr\/628788\/","title":{"rendered":"DIAPORAMA. L\u2019ann\u00e9e 2025 dans l\u2019objectif de notre photographe S\u00e9bastien Lapeyr\u00e8re &#8211; ladepeche.fr"},"content":{"rendered":"<ol>\n<li><a href=\"https:\/\/news.google.com\/rss\/articles\/CBMixAFBVV95cUxPNjdZdG84Wm9EY216enlvMkhma3pNRkQzaWpQbTZUdGQ5amhETjhZMVRFVGY4SDJSbHNjMEE2NXFlZlp2eEwyUEJtdlZ5dVliY2JhRnNUekVySndCb1UtTS1JSjlvYkFLTzhHaWg1bDdqeThGc0dOXzJiVzFUTzBZMFluRGFDVmhURG9XdTJIVkZyZzhuZHBvOExnSV9oM2hMTnVFLVBvdlVYQkFtclBsWXZmUWFtUGdKS1Q3UFUxcXhSX1V4?oc=5\" target=\"_blank\" rel=\"noopener\">DIAPORAMA. L\u2019ann\u00e9e 2025 dans l\u2019objectif de notre photographe S\u00e9bastien Lapeyr\u00e8re<\/a>&nbsp;&nbsp;ladepeche.fr<\/li>\n<li><a href=\"https:\/\/news.google.com\/rss\/articles\/CBMiigFBVV95cUxNQ1lyZ1lKemNmeHlCd0JvQS1FTEdOa0hLNjlCa3AtS1g3akpjaXY3bUVMVE1wdVExem9yelNfVTB1SFN5eno1VFN3Z1lBbkh5THh3TmloN1pad2hnSUlIVHQtWGU2TlFuLWtoN2RBbWZPUFZXMTJ0ZUltUmRpOVBsSVpkZzZ2dl85SEE?oc=5\" target=\"_blank\" rel=\"noopener\">Le dessin qui fait Mouche: huit \u00e9v\u00e9nements cl\u00e9s qui r\u00e9sument l\u2019ann\u00e9e 2025<\/a>&nbsp;&nbsp;RFI<\/li>\n<li><a href=\"https:\/\/news.google.com\/rss\/articles\/CBMivwFBVV95cUxPbmdHS1V2bFFvWG52NUMxVnZLQ1RGa25HbHFEZEx2MG9GbGRwUTgxcWNpMl93Z1MtMFVxVGNYZTQyaG5TclZiNmpmUmZLQ2gzbzloenZaX0k1T0F0WktZQTF0eWJadHVPa3R5WkVxRmJDR3RHQm13Z0dWdUs0UWlERllmc09vSUpXeF9ZLXZRZk5VTWtRM2dwR1M4MTJSX0J5RGdyUTRjVlRMT2FMcGMwcU94TzNnVU0tNi0weHEwTQ?oc=5\" target=\"_blank\" rel=\"noopener\">2025 o\u00f9 l\u2019ann\u00e9e o\u00f9 l&rsquo;Am\u00e9rique a cess\u00e9 de croire au progr\u00e8s continu<\/a>&nbsp;&nbsp;Atlantico<\/li>\n<li><a href=\"https:\/\/news.google.com\/rss\/articles\/CBMi2gFBVV95cUxOWVdvQTZPTXVHdUdDOFlKb0t6aWdzNXdCbHgwOUNnZnBWVGZPclZtaWRoQ0dtYUJ4eUdiMVlhcE1pdkdGUFhYOTdSY2g2RDJoUHNvODEwczY2aGZJRjRQM1RjUFZ5ZUVpWjNxWWNjSmtNQ2otUElGTmVpSFZyUEpldDFJcHhqWEtXemJSbTViUWJQZTZLcUxaYy1sbGFfZ0VKcXlUVlIzdmRhQnEzbG5fdDEzSmlZaDc1bDhKSHd3U3cwTWxtck5JaWVrTzA3OHlsZkZqb0hlclZiUQ?oc=5\" target=\"_blank\" rel=\"noopener\">Ukraine, Gaza, Soudan, Wemby, Bad Bunny\u2026 Douze photos qui racontent l\u2019ann\u00e9e 2025<\/a>&nbsp;&nbsp;Courrier international<\/li>\n<li><a href=\"https:\/\/news.google.com\/rss\/articles\/CBMixAFBVV95cUxQOFJCSFJLTmdfNFhxcXBnNlJPY0Zya0dzQXNSMUhyWTdveXJUaE1KQW9VM040c2ZnTTZsR2staFFFSlgxNXJPc1VzM3dCSVF6UDZkN1ZWdmhVRHZGRXRzNUQyR1FLSzh6SFFOenVmcXIzcWhRbU9tVk9FalVJMGF3aW9SQ0JMTklhYkN3OGNIcVlSN3NQdFREaWVVcDJkTjc0MWpub1ZsbTVIVEdqMGpoYVNXd3JWXzJpZzdJYmF5M3NlMHhK?oc=5\" target=\"_blank\" rel=\"noopener\">Guerres, catastrophes naturelles, mort du pape&#8230; Retour sur une ann\u00e9e dans le monde<\/a>&nbsp;&nbsp;Franceinfo<\/li>\n<\/ol>\n","protected":false},"excerpt":{"rendered":"DIAPORAMA. L\u2019ann\u00e9e 2025 dans l\u2019objectif de notre photographe S\u00e9bastien Lapeyr\u00e8re&nbsp;&nbsp;ladepeche.fr Le dessin qui fait Mouche: huit \u00e9v\u00e9nements cl\u00e9s&hellip;\n","protected":false},"author":2,"featured_media":628789,"comment_status":"","ping_status":"","sticky":false,"template":"","format":"standard","meta":{"footnotes":""},"categories":[1358],"tags":[1348,1384,1385,1386,58,59,1011,27,329,11328,73818,1857],"class_list":{"0":"post-628788","1":"post","2":"type-post","3":"status-publish","4":"format-standard","5":"has-post-thumbnail","7":"category-arts-et-design","8":"tag-arts","9":"tag-arts-and-design","10":"tag-arts-et-design","11":"tag-design","12":"tag-divertissement","13":"tag-entertainment","14":"tag-fr","15":"tag-france","16":"tag-france-monde","17":"tag-gers","18":"tag-photos-de-lannu00e9e","19":"tag-sociu00e9tu00e9"},"share_on_mastodon":{"url":"https:\/\/pubeurope.com\/@fr\/115805769085761641","error":""},"_links":{"self":[{"href":"https:\/\/www.europesays.com\/fr\/wp-json\/wp\/v2\/posts\/628788","targetHints":{"allow":["GET"]}}],"collection":[{"href":"https:\/\/www.europesays.com\/fr\/wp-json\/wp\/v2\/posts"}],"about":[{"href":"https:\/\/www.europesays.com\/fr\/wp-json\/wp\/v2\/types\/post"}],"author":[{"embeddable":true,"href":"https:\/\/www.europesays.com\/fr\/wp-json\/wp\/v2\/users\/2"}],"replies":[{"embeddable":true,"href":"https:\/\/www.europesays.com\/fr\/wp-json\/wp\/v2\/comments?post=628788"}],"version-history":[{"count":0,"href":"https:\/\/www.europesays.com\/fr\/wp-json\/wp\/v2\/posts\/628788\/revisions"}],"wp:featuredmedia":[{"embeddable":true,"href":"https:\/\/www.europesays.com\/fr\/wp-json\/wp\/v2\/media\/628789"}],"wp:attachment":[{"href":"https:\/\/www.europesays.com\/fr\/wp-json\/wp\/v2\/media?parent=628788"}],"wp:term":[{"taxonomy":"category","embeddable":true,"href":"https:\/\/www.europesays.com\/fr\/wp-json\/wp\/v2\/categories?post=628788"},{"taxonomy":"post_tag","embeddable":true,"href":"https:\/\/www.europesays.com\/fr\/wp-json\/wp\/v2\/tags?post=628788"}],"curies":[{"name":"wp","href":"https:\/\/api.w.org\/{rel}","templated":true}]}}