{"id":628806,"date":"2025-12-30T00:59:10","date_gmt":"2025-12-30T00:59:10","guid":{"rendered":"https:\/\/www.europesays.com\/fr\/628806\/"},"modified":"2025-12-30T00:59:10","modified_gmt":"2025-12-30T00:59:10","slug":"un-froid-durable-va-gagner-la-france-pour-le-debut-dannee-2026","status":"publish","type":"post","link":"https:\/\/www.europesays.com\/fr\/628806\/","title":{"rendered":"un froid durable va gagner la France pour le d\u00e9but d\u2019ann\u00e9e 2026"},"content":{"rendered":"<p>\n    Des temp\u00e9ratures en dessous des normales saisonni\u00e8res sont attendues en France pour les premiers jours de l\u2019ann\u00e9e. Un \u00e9pisode neigeux se profile en plaine d\u00e8s ce week-end.<\/p>\n<p class=\"fig-paragraph\">Avec les temp\u00e9ratures tr\u00e8s basses depuis plusieurs jours, de nombreux d\u00e9partements ont d\u00e9cid\u00e9\u00a0<a href=\"http:\/\/www.lefigaro.fr\/actualite-france\/le-plan-grand-froid-active-a-paris-et-en-region-parisienne-20251228\" target=\"_blank\" data-fig-type=\"NewsFlash\" rel=\"noopener\" data-gtm-custom-categorie=\"navigation\" data-gtm-custom-action=\"crossclick\" data-gtm-custom-label=\"Contextuel\" data-gtm-event=\"customEventSPE\" data-fig-domain=\"LEFIGARO\">d\u2019activer le plan grand froid<\/a>, dont \u00e0 Paris et en r\u00e9gion parisienne depuis ce dimanche. Ce temps devrait se poursuivre dans les prochains jours et la France va entamer 2026 sous un froid durable, avec des temp\u00e9ratures globalement inf\u00e9rieures de 3 \u00e0 4\u00b0C aux normales saisonni\u00e8res, pr\u00e9cise\u00a0<a href=\"https:\/\/actualite.lachainemeteo.com\/actualite-meteo\/2025-12-29\/semaine-hivernale-ces-regions-ou-il-fera-le-plus-froid-84293\" target=\"_blank\" rel=\"sponsored noopener\" data-gtm-custom-categorie=\"navigation\" data-gtm-custom-action=\"crossclick\" data-gtm-custom-label=\"Contextuel\" data-gtm-event=\"customEventSPE\">La Cha\u00eene M\u00e9t\u00e9o<\/a>*.<\/p>\n<p class=\"fig-paragraph\">Ce lundi matin, les thermom\u00e8tres affichaient souvent entre -5 et -7\u00b0C sur la moiti\u00e9 nord du pays, et localement jusqu\u2019\u00e0 -10\u00b0C dans les zones rurales. Les minimales resteront n\u00e9gatives toute la semaine, souvent comprises entre -3 et -7\u00b0C, et pourront atteindre -8 \u00e0 -10\u00b0C dans le Nord-Est et le Massif central, tandis que les maximales peineront \u00e0 d\u00e9passer 0 \u00e0 3\u00b0C dans le Nord, contre 5 \u00e0 10\u00b0C au sud. Le jour de l\u2019An s\u2019annonce particuli\u00e8rement froid, avec une moyenne nationale proche de 0\u00b0C, comparable aux conditions observ\u00e9es \u00e0 la fin de 2016.<\/p>\n<p>                                            <a class=\"fig-a11y-skip\" href=\"#fig-a11y-skip-main-inarticle\" data-module=\"a11y-skip\" data-context=\"was @visible\"><br \/>\n    Passer la publicit\u00e9<br \/>\n<\/a>            <\/p>\n<p class=\"fig-paragraph\">Selon\u00a0M\u00e9t\u00e9o France, le temps restera sec et ensoleill\u00e9 sur une grande partie du pays, mais certaines r\u00e9gions pourraient conna\u00eetre des brouillards persistants, notamment dans le Sud-Ouest et le Nord-Est. La\u00a0<a href=\"http:\/\/www.lefigaro.fr\/meteo\/temps-calme-et-sec-froid-au-nord-et-plus-doux-au-sud-decouvrez-la-meteo-du-mardi-30-decembre-20251229\" target=\"_blank\" data-fig-type=\"NewsFlash\" rel=\"noopener\" data-gtm-custom-categorie=\"navigation\" data-gtm-custom-action=\"crossclick\" data-gtm-custom-label=\"Contextuel\" data-gtm-event=\"customEventSPE\" data-fig-domain=\"LEFIGARO\">nuit de la Saint-Sylvestre<\/a>\u00a0s\u2019annonce glaciale, avec des temp\u00e9ratures n\u00e9gatives g\u00e9n\u00e9ralis\u00e9es. Les conditions devraient rester hivernales jusqu\u2019au week-end, avant une possible \u00e9volution plus perturb\u00e9e.<\/p>\n<p>    Les temp\u00e9ratures seront en dessous des normales de saison pour le d\u00e9but de l\u2019ann\u00e9e 2026.<br \/>\n                La Cha\u00eene M\u00e9t\u00e9o<\/p>\n<p>                                            Intensit\u00e9 encore inconnue<\/p>\n<p class=\"fig-paragraph\">\u00c0 partir de jeudi, l\u2019air froid d\u2019altitude provenant de Scandinavie glissera sur le nord du pays, accompagn\u00e9 de faibles pr\u00e9cipitations sous forme de neige dans le Nord-Est, tandis qu\u2019une d\u00e9pression au large de la p\u00e9ninsule ib\u00e9rique fera remonter de l\u2019air plus doux par le sud, pr\u00e9cise M\u00e9t\u00e9o France dans son bulletin.<\/p>\n<p class=\"fig-paragraph\">Ce conflit de masses d\u2019air pourrait provoquer des pr\u00e9cipitations parfois abondantes et un risque de neige en plaine, principalement dans le Nord, le centre et l\u2019est du pays, note l\u2019\u00e9tablissement public sp\u00e9cialis\u00e9. \u00abCe froid pourrait bien \u00eatre accompagn\u00e9 d\u2019humidit\u00e9, avec un fort risque d\u2019\u00e9pisode neigeux en plaine en France, pr\u00e9vu pour le premier week-end de l\u2019ann\u00e9e\u00bb, abonde La Cha\u00eene M\u00e9t\u00e9o. La localisation et l\u2019intensit\u00e9 exacte de cet \u00e9pisode restent encore incertaines, et les pr\u00e9visionnistes invitent \u00e0 suivre attentivement les prochains bulletins.<\/p>\n<p class=\"fig-paragraph\">Le d\u00e9but d\u2019ann\u00e9e 2026 se poursuivra ensuite sous un temps hivernal classique, marqu\u00e9 par des gel\u00e9es persistantes et un ciel g\u00e9n\u00e9ralement clair, et un thermom\u00e8tre qui devrait l\u00e9g\u00e8rement remonter. \u00abMalgr\u00e9 une l\u00e9g\u00e8re hausse, les temp\u00e9ratures restent en dessous des moyennes d\u2019un d\u00e9but janvier sur la moiti\u00e9 nord. Les maximales devraient s\u2019orienter encore \u00e0 la baisse au cours du week-end\u00bb, ajoute M\u00e9t\u00e9o-France.<\/p>\n<p class=\"fig-paragraph\">* La Cha\u00eene M\u00e9t\u00e9o est une propri\u00e9t\u00e9 du Figaro.<\/p>\n","protected":false},"excerpt":{"rendered":"Des temp\u00e9ratures en dessous des normales saisonni\u00e8res sont attendues en France pour les premiers jours de l\u2019ann\u00e9e. Un&hellip;\n","protected":false},"author":2,"featured_media":628807,"comment_status":"","ping_status":"","sticky":false,"template":"","format":"standard","meta":{"footnotes":""},"categories":[4],"tags":[11,1011,27,15475,2487,10584,12,25],"class_list":{"0":"post-628806","1":"post","2":"type-post","3":"status-publish","4":"format-standard","5":"has-post-thumbnail","7":"category-france","8":"tag-actualites","9":"tag-fr","10":"tag-france","11":"tag-la-chaine-meteo","12":"tag-meteo","13":"tag-neige","14":"tag-news","15":"tag-republique-francaise"},"share_on_mastodon":{"url":"https:\/\/pubeurope.com\/@fr\/115805812412675327","error":""},"_links":{"self":[{"href":"https:\/\/www.europesays.com\/fr\/wp-json\/wp\/v2\/posts\/628806","targetHints":{"allow":["GET"]}}],"collection":[{"href":"https:\/\/www.europesays.com\/fr\/wp-json\/wp\/v2\/posts"}],"about":[{"href":"https:\/\/www.europesays.com\/fr\/wp-json\/wp\/v2\/types\/post"}],"author":[{"embeddable":true,"href":"https:\/\/www.europesays.com\/fr\/wp-json\/wp\/v2\/users\/2"}],"replies":[{"embeddable":true,"href":"https:\/\/www.europesays.com\/fr\/wp-json\/wp\/v2\/comments?post=628806"}],"version-history":[{"count":0,"href":"https:\/\/www.europesays.com\/fr\/wp-json\/wp\/v2\/posts\/628806\/revisions"}],"wp:featuredmedia":[{"embeddable":true,"href":"https:\/\/www.europesays.com\/fr\/wp-json\/wp\/v2\/media\/628807"}],"wp:attachment":[{"href":"https:\/\/www.europesays.com\/fr\/wp-json\/wp\/v2\/media?parent=628806"}],"wp:term":[{"taxonomy":"category","embeddable":true,"href":"https:\/\/www.europesays.com\/fr\/wp-json\/wp\/v2\/categories?post=628806"},{"taxonomy":"post_tag","embeddable":true,"href":"https:\/\/www.europesays.com\/fr\/wp-json\/wp\/v2\/tags?post=628806"}],"curies":[{"name":"wp","href":"https:\/\/api.w.org\/{rel}","templated":true}]}}