{"id":628810,"date":"2025-12-30T01:02:13","date_gmt":"2025-12-30T01:02:13","guid":{"rendered":"https:\/\/www.europesays.com\/fr\/628810\/"},"modified":"2025-12-30T01:02:13","modified_gmt":"2025-12-30T01:02:13","slug":"saint-etienne-des-dessins-pour-illuminer-le-noel-de-personnes-isolees","status":"publish","type":"post","link":"https:\/\/www.europesays.com\/fr\/628810\/","title":{"rendered":"Saint-\u00c9tienne. Des dessins pour illuminer le No\u00ebl de personnes isol\u00e9es"},"content":{"rendered":"<p>L\u2019op\u00e9ration \u00ab\u00a0Un dessin pour un joli dessein\u00a0\u00bb avait \u00e9t\u00e9 lanc\u00e9e apr\u00e8s la p\u00e9riode Covid, pour \u00ab\u00a0apporter un peu de chaleur et d\u2019\u00e9motions aupr\u00e8s des personnes que nous accompagnons, surtout pendant la p\u00e9riode des f\u00eates\u00a0\u00bb, explique la direction de l\u2019association Amaelles-AIMV, service d\u2019aide et d\u2019accompagnement \u00e0 domicile.<\/p>\n<p>Gr\u00e2ce \u00e0 la complicit\u00e9 de deux amies,&#8230;<\/p>\n","protected":false},"excerpt":{"rendered":"L\u2019op\u00e9ration \u00ab\u00a0Un dessin pour un joli dessein\u00a0\u00bb avait \u00e9t\u00e9 lanc\u00e9e apr\u00e8s la p\u00e9riode Covid, pour \u00ab\u00a0apporter un peu&hellip;\n","protected":false},"author":2,"featured_media":628811,"comment_status":"","ping_status":"","sticky":false,"template":"","format":"standard","meta":{"footnotes":""},"categories":[9653],"tags":[1111,11,2430,7539,1777,674,1011,27,12,25,4001,7538,104,1631],"class_list":{"0":"post-628810","1":"post","2":"type-post","3":"status-publish","4":"format-standard","5":"has-post-thumbnail","7":"category-saint-etienne","8":"tag-actu","9":"tag-actualites","10":"tag-auvergne-rhone-alpes","11":"tag-edition-loire-sud","12":"tag-eu","13":"tag-europe","14":"tag-fr","15":"tag-france","16":"tag-news","17":"tag-republique-francaise","18":"tag-saint-etienne","19":"tag-saint-etienne-ville","20":"tag-societe","21":"tag-vie-associative"},"share_on_mastodon":{"url":"https:\/\/pubeurope.com\/@fr\/115805824205704726","error":""},"_links":{"self":[{"href":"https:\/\/www.europesays.com\/fr\/wp-json\/wp\/v2\/posts\/628810","targetHints":{"allow":["GET"]}}],"collection":[{"href":"https:\/\/www.europesays.com\/fr\/wp-json\/wp\/v2\/posts"}],"about":[{"href":"https:\/\/www.europesays.com\/fr\/wp-json\/wp\/v2\/types\/post"}],"author":[{"embeddable":true,"href":"https:\/\/www.europesays.com\/fr\/wp-json\/wp\/v2\/users\/2"}],"replies":[{"embeddable":true,"href":"https:\/\/www.europesays.com\/fr\/wp-json\/wp\/v2\/comments?post=628810"}],"version-history":[{"count":0,"href":"https:\/\/www.europesays.com\/fr\/wp-json\/wp\/v2\/posts\/628810\/revisions"}],"wp:featuredmedia":[{"embeddable":true,"href":"https:\/\/www.europesays.com\/fr\/wp-json\/wp\/v2\/media\/628811"}],"wp:attachment":[{"href":"https:\/\/www.europesays.com\/fr\/wp-json\/wp\/v2\/media?parent=628810"}],"wp:term":[{"taxonomy":"category","embeddable":true,"href":"https:\/\/www.europesays.com\/fr\/wp-json\/wp\/v2\/categories?post=628810"},{"taxonomy":"post_tag","embeddable":true,"href":"https:\/\/www.europesays.com\/fr\/wp-json\/wp\/v2\/tags?post=628810"}],"curies":[{"name":"wp","href":"https:\/\/api.w.org\/{rel}","templated":true}]}}