{"id":628815,"date":"2025-12-30T01:06:29","date_gmt":"2025-12-30T01:06:29","guid":{"rendered":"https:\/\/www.europesays.com\/fr\/628815\/"},"modified":"2025-12-30T01:06:29","modified_gmt":"2025-12-30T01:06:29","slug":"sluc-nancy-il-est-venu-le-temps-des-defaites","status":"publish","type":"post","link":"https:\/\/www.europesays.com\/fr\/628815\/","title":{"rendered":"Sluc Nancy : il est venu le temps des d\u00e9faites"},"content":{"rendered":"<p>C\u2019est le r\u00e9sum\u00e9 du comportement et du parcours d\u2019une \u00e9quipe dont la constance n\u2019est pas la marque de fabrique. Un jour elle sert <a href=\"https:\/\/www.lasemaine.fr\/sport\/sluc\/sluc-nancy-lexploit-face-a-paris\/\" data-type=\"post\" data-id=\"408967\" target=\"_blank\" rel=\"noopener\">un festin \u00e0 ses supporters<\/a> avant de <a href=\"https:\/\/www.lasemaine.fr\/sport\/sluc\/a-dijon-le-sluc-nancy-est-retombe-dans-ses-travers-ordinaires\/\" data-type=\"post\" data-id=\"409435\" target=\"_blank\" rel=\"noopener\">les mettre \u00e0 la di\u00e8te<\/a> le match suivant. Sommets et ratages : le <a href=\"https:\/\/www.lasemaine.fr\/category\/sport\/sluc\/\" data-type=\"category\" data-id=\"5734\" target=\"_blank\" rel=\"noopener\">Sluc Nancy<\/a> fait voler les espoirs comme les ballons, puis il s\u00e8me le doute. Les rep\u00e8res disparaissent, la coh\u00e9sion explose, la brume enveloppe tout. C\u2019est un myst\u00e8re.<\/p>\n<p>\u00c0 Chalon, les Couguars ont affich\u00e9 toutes leurs qualit\u00e9s et la somme de leurs d\u00e9fauts. Le premier quart-temps donne l\u2019impression que les carottes sont cuites. D\u00e9pass\u00e9s physiquement, passifs en d\u00e9fense, trou\u00e9s dans la raquette, maladroits, les joueurs de Sylvain Lauti\u00e9 distribuent les cadeaux sous l\u2019\u0153il bienveillant des arbitres dont les largesses en faveur de l\u2019adversaire n\u2019expliquent pas tout. Changement de d\u00e9cor lors de la s\u00e9quence suivante, des actions prometteuses percent les nuages, le Sluc ne fait plus figure de figurant. Port\u00e9 par Fleming toujours pr\u00e9cieux, Nolley qui n\u2019est pas un top scoreur pour rien et Cozart d\u2019humeur guerri\u00e8re, il inverse le sc\u00e9nario. Le probable et l\u2019improbable se m\u00ealent. Qui va se casser le nez\u00a0? Nous connaissons la r\u00e9ponse. Apr\u00e8s avoir combl\u00e9 son d\u00e9bours et pris l\u2019avantage, le Sluc Nancy perd le rythme, s\u2019ouvre \u00e0 nouveau \u00e0 tous les vents et plomb\u00e9 par trop de choses finit par c\u00e9der.<\/p>\n<p>Pr\u00e9parer les combats \u00e0 venir\u00a0<\/p>\n<p>Cette nouvelle d\u00e9faite amorce la phase des questions. Pourquoi des moments de gr\u00e2ce sont-ils suivis de travers\u00e9es du d\u00e9sert\u00a0? Quelles sont les causes de la d\u00e9gradation du collectif\u00a0? Il ne s\u2019agit pas de brimer la libert\u00e9 de s\u2019exprimer ni de b\u00e2illonner le talent de Landers Nolley, mais il faut que d\u2019autres que lui cr\u00e9ent le danger, marquent des points et fassent d\u00e9zoomer le plan d\u00e9fensif adverse cibl\u00e9 sur le shooteur am\u00e9ricain. Enfin la r\u00e9p\u00e9tition de soir\u00e9es off, celles o\u00f9 le SLUC perd le fil, interpelle tout comme le g\u00e2chis aux lancers- francs et les pertes de balles.\u00a0<\/p>\n<p>Ce qui se passe en Meurthe-et-Moselle<\/p>\n<p>Comment \u00eatre meilleur et surtout plus r\u00e9gulier\u00a0? Durant la courte tr\u00eave, le pr\u00e9sident Aur\u00e9lien Fortier et les techniciens doivent chercher la r\u00e9ponse. Pas le plus simple. Faut-il d\u00e9nicher un passeur hors-pair qui devine tout avant les autres, un leader naturel soucieux de faire briller les autres et de relayer sur le parquet les consignes du coach\u00a0ou, par crainte de modifier les \u00e9quilibres internes, ne rien changer ? La r\u00e9ponse d\u00e9pend des possibilit\u00e9s budg\u00e9taires et du projet du club. En attendant et sans s\u2019affoler plus que de raison, il convient de pr\u00e9parer les combats \u00e0 venir \u00e0 commencer par celui du 10 janvier\u00a0(20 h 30 \u00e0 Gentilly) contre Monaco. Ce n\u2019est pas le moment d\u2019aborder ce d\u00e9fi sur la pointe des pieds plut\u00f4t celui de retrouver une force collective et d\u2019oser.\u00a0Une \u00e9norme d\u00e9termination peut r\u00e9soudre les probl\u00e8mes d\u2019inconsistance\u00a0et pourquoi pas, permettre de basculer vers l\u2019inattendu.<\/p>\n","protected":false},"excerpt":{"rendered":"C\u2019est le r\u00e9sum\u00e9 du comportement et du parcours d\u2019une \u00e9quipe dont la constance n\u2019est pas la marque de&hellip;\n","protected":false},"author":2,"featured_media":628816,"comment_status":"","ping_status":"","sticky":false,"template":"","format":"standard","meta":{"footnotes":""},"categories":[9635],"tags":[1111,11,1777,674,1011,27,775,1702,12,25],"class_list":{"0":"post-628815","1":"post","2":"type-post","3":"status-publish","4":"format-standard","5":"has-post-thumbnail","7":"category-nancy","8":"tag-actu","9":"tag-actualites","10":"tag-eu","11":"tag-europe","12":"tag-fr","13":"tag-france","14":"tag-grand-est","15":"tag-nancy","16":"tag-news","17":"tag-republique-francaise"},"share_on_mastodon":{"url":"https:\/\/pubeurope.com\/@fr\/115805839915546887","error":""},"_links":{"self":[{"href":"https:\/\/www.europesays.com\/fr\/wp-json\/wp\/v2\/posts\/628815","targetHints":{"allow":["GET"]}}],"collection":[{"href":"https:\/\/www.europesays.com\/fr\/wp-json\/wp\/v2\/posts"}],"about":[{"href":"https:\/\/www.europesays.com\/fr\/wp-json\/wp\/v2\/types\/post"}],"author":[{"embeddable":true,"href":"https:\/\/www.europesays.com\/fr\/wp-json\/wp\/v2\/users\/2"}],"replies":[{"embeddable":true,"href":"https:\/\/www.europesays.com\/fr\/wp-json\/wp\/v2\/comments?post=628815"}],"version-history":[{"count":0,"href":"https:\/\/www.europesays.com\/fr\/wp-json\/wp\/v2\/posts\/628815\/revisions"}],"wp:featuredmedia":[{"embeddable":true,"href":"https:\/\/www.europesays.com\/fr\/wp-json\/wp\/v2\/media\/628816"}],"wp:attachment":[{"href":"https:\/\/www.europesays.com\/fr\/wp-json\/wp\/v2\/media?parent=628815"}],"wp:term":[{"taxonomy":"category","embeddable":true,"href":"https:\/\/www.europesays.com\/fr\/wp-json\/wp\/v2\/categories?post=628815"},{"taxonomy":"post_tag","embeddable":true,"href":"https:\/\/www.europesays.com\/fr\/wp-json\/wp\/v2\/tags?post=628815"}],"curies":[{"name":"wp","href":"https:\/\/api.w.org\/{rel}","templated":true}]}}