{"id":628830,"date":"2025-12-30T01:17:48","date_gmt":"2025-12-30T01:17:48","guid":{"rendered":"https:\/\/www.europesays.com\/fr\/628830\/"},"modified":"2025-12-30T01:17:48","modified_gmt":"2025-12-30T01:17:48","slug":"encore-mauvaise-aujourdhui-la-qualite-de-lair-a-rennes-devrait-sameliorer-mardi-2","status":"publish","type":"post","link":"https:\/\/www.europesays.com\/fr\/628830\/","title":{"rendered":"Encore mauvaise aujourd\u2019hui, la qualit\u00e9 de l\u2019air \u00e0 Rennes devrait s\u2019am\u00e9liorer mardi"},"content":{"rendered":"<p>Depuis le samedi 27\u00a0d\u00e9cembre 2025, en raison d\u2019un niveau \u00e9lev\u00e9 de particules fines, l\u2019air est de mauvaise qualit\u00e9 notamment autour de Rennes. Dans le sud de l\u2019Ille-et-Vilaine, il est m\u00eame class\u00e9 en \u00ab\u00a0tr\u00e8s mauvais\u00a0\u00bb. Une pollution, caus\u00e9e notamment par <a href=\"https:\/\/fougeres.maville.com\/actu\/actudet_-pollution-de-l-air-interdire-les-cheminees-a-foyer-ouvert-en-ille-et-vilaine-la-solution-_7-6688576_actu.Htm\" target=\"_self\" rel=\"noopener\">l\u2019usage massif du chauffage au bois<\/a>, et qui se prolonge ce lundi 29\u00a0d\u00e9cembre. La pratique sportive est fortement d\u00e9conseill\u00e9e.<\/p>\n<p>\t<img decoding=\"async\" src=\"https:\/\/www.europesays.com\/fr\/wp-content\/uploads\/2025\/12\/P35663873D7127261G_px_640_.jpg\" alt=\"photo la carte de la qualit\u00e9 de l\u2019air en bretagne ce lundi 29\u00a0d\u00e9cembre selon air breizh.  \u00a9  air breizh\" width=\"640\" title=\" La carte de la qualit\u00e9 de l\u2019air en Bretagne ce lundi 29\u00a0d\u00e9cembre selon Air Breizh.   Air Breizh \"\/><\/p>\n<p class=\"elmt-legende\"> La carte de la qualit\u00e9 de l\u2019air en Bretagne ce lundi 29\u00a0d\u00e9cembre selon Air Breizh.   Air Breizh <\/p>\n<p>Transports en commun encore \u00e0 petits prix ce lundi<\/p>\n<p><a href=\"https:\/\/rennes.maville.com\/actu\/actudet_-face-a-l-episode-de-pollution-de-l-air-en-ille-et-vilaine-les-transports-a-petits-prix-sont-prolonges-ce-lundi-a-rennes-_52674-7126649_actu.Htm\" target=\"_self\" rel=\"noopener\">Le Pass qualit\u00e9 de l\u2019air<\/a>, permettant de prendre le bus et le m\u00e9tro toute une journ\u00e9e pour 1,70\u00a0\u20ac est maintenu. Ce pass peut \u00eatre charg\u00e9 sur une carte Korrigo ou sur un ticket rechargeable.<\/p>\n<p>La situation devrait s\u2019am\u00e9liorer ce mardi 30\u00a0d\u00e9cembre avec un air qualifi\u00e9 de \u00ab\u00a0moyen\u00a0\u00bb par l\u2019organisme de contr\u00f4le Air Breizh.<\/p>\n<p>\u00a0<\/p>\n","protected":false},"excerpt":{"rendered":"Depuis le samedi 27\u00a0d\u00e9cembre 2025, en raison d\u2019un niveau \u00e9lev\u00e9 de particules fines, l\u2019air est de mauvaise qualit\u00e9&hellip;\n","protected":false},"author":2,"featured_media":628722,"comment_status":"","ping_status":"","sticky":false,"template":"","format":"standard","meta":{"footnotes":""},"categories":[2821],"tags":[1111,11,2965,47141,33192,829,1440,1777,674,1011,27,33193,9778,13158,12,6099,20185,584,25],"class_list":{"0":"post-628830","1":"post","2":"type-post","3":"status-publish","4":"format-standard","5":"has-post-thumbnail","7":"category-rennes","8":"tag-actu","9":"tag-actualites","10":"tag-air","11":"tag-ameliorer","12":"tag-aujourd","13":"tag-bretagne","14":"tag-encore","15":"tag-eu","16":"tag-europe","17":"tag-fr","18":"tag-france","19":"tag-hui","20":"tag-mardi","21":"tag-mauvaise","22":"tag-news","23":"tag-pontivy","24":"tag-qualite","25":"tag-rennes","26":"tag-republique-francaise"},"share_on_mastodon":{"url":"https:\/\/pubeurope.com\/@fr\/115805887339151653","error":""},"_links":{"self":[{"href":"https:\/\/www.europesays.com\/fr\/wp-json\/wp\/v2\/posts\/628830","targetHints":{"allow":["GET"]}}],"collection":[{"href":"https:\/\/www.europesays.com\/fr\/wp-json\/wp\/v2\/posts"}],"about":[{"href":"https:\/\/www.europesays.com\/fr\/wp-json\/wp\/v2\/types\/post"}],"author":[{"embeddable":true,"href":"https:\/\/www.europesays.com\/fr\/wp-json\/wp\/v2\/users\/2"}],"replies":[{"embeddable":true,"href":"https:\/\/www.europesays.com\/fr\/wp-json\/wp\/v2\/comments?post=628830"}],"version-history":[{"count":0,"href":"https:\/\/www.europesays.com\/fr\/wp-json\/wp\/v2\/posts\/628830\/revisions"}],"wp:featuredmedia":[{"embeddable":true,"href":"https:\/\/www.europesays.com\/fr\/wp-json\/wp\/v2\/media\/628722"}],"wp:attachment":[{"href":"https:\/\/www.europesays.com\/fr\/wp-json\/wp\/v2\/media?parent=628830"}],"wp:term":[{"taxonomy":"category","embeddable":true,"href":"https:\/\/www.europesays.com\/fr\/wp-json\/wp\/v2\/categories?post=628830"},{"taxonomy":"post_tag","embeddable":true,"href":"https:\/\/www.europesays.com\/fr\/wp-json\/wp\/v2\/tags?post=628830"}],"curies":[{"name":"wp","href":"https:\/\/api.w.org\/{rel}","templated":true}]}}