{"id":628831,"date":"2025-12-30T01:18:18","date_gmt":"2025-12-30T01:18:18","guid":{"rendered":"https:\/\/www.europesays.com\/fr\/628831\/"},"modified":"2025-12-30T01:18:18","modified_gmt":"2025-12-30T01:18:18","slug":"quel-dispositif-de-securite-pour-le-nouvel-an-2026-a-strasbourg","status":"publish","type":"post","link":"https:\/\/www.europesays.com\/fr\/628831\/","title":{"rendered":"quel dispositif de s\u00e9curit\u00e9 pour le Nouvel An 2026 \u00e0 Strasbourg ?"},"content":{"rendered":"<p>    <img loading=\"lazy\" width=\"1800\" height=\"900\" src=\"https:\/\/www.europesays.com\/fr\/wp-content\/uploads\/2025\/11\/jeanne-callthepolice.jpg\" class=\"attachment-full size-full\" alt=\"\" id=\"imageLove\" decoding=\"async\"  \/><\/p>\n<p id=\"breadcrumbs\"><a href=\"https:\/\/pokaa.fr\/\" target=\"_blank\" rel=\"noopener\">Accueil<\/a> \/ <a href=\"https:\/\/pokaa.fr\/categories\/actu\/\" target=\"_blank\" rel=\"noopener\">Info locale<\/a> \/ Alcool, p\u00e9tards, couvre-feu : quel dispositif de s\u00e9curit\u00e9 pour le Nouvel An 2026 \u00e0 Strasbourg ?<\/p>\n<p>                    Info locale<\/p>\n<p><b>Pour la soir\u00e9e du Nouvel An 2026, la pr\u00e9fecture du Bas-Rhin a reconduit son dispositif de s\u00e9curit\u00e9 dans son int\u00e9gralit\u00e9 \u00e0 Strasbourg. Au programme : couvre-feu pour les mineur(e)s de moins de 16 non accompagn\u00e9(e)s, pas d\u2019alcool dans les rues et interdiction des p\u00e9tards.<\/b><\/p>\n<p class=\"p1\">\u00c0 Strasbourg, si les pr\u00e9fets se succ\u00e8dent, les dispositifs de s\u00e9curit\u00e9 pour la soir\u00e9e du Nouvel An restent les m\u00eames. Alors que la ville conna\u00eet son troisi\u00e8me pr\u00e9fet en un peu plus d\u2019un an, <b>Amaury de Saint-Quentin fait sienne la maxime de \u00ab\u00a0on ne change pas une \u00e9quipe qui gagne\u00a0\u00bb<\/b>.<\/p>\n<p class=\"p1\">Le nouveau pr\u00e9fet ne d\u00e9roge ainsi pas \u00e0 la r\u00e8gle fix\u00e9e par Josiane Chevalier, et reprise par Jacques Witkowski. <b>Pour la petite anecdote, c\u2019est encore ce dernier qui a sign\u00e9 l\u2019arr\u00eat\u00e9 pr\u00e9fectoral interdisant l\u2019achat et la vente des p\u00e9tards cette ann\u00e9e<\/b>. Quant au nouveau pr\u00e9fet, il a sign\u00e9 le 12 d\u00e9cembre des arr\u00eat\u00e9s pr\u00e9fectoraux interdisant la vente et la consommation d\u2019alcool sur la voie publique et l\u2019instauration d\u2019un couvre-feu pour les mineur(e)s de moins de 16 ans non accompagn\u00e9(e)s.<\/p>\n<p>                <a href=\"https:\/\/pokaa.fr\/2025\/11\/23\/de-laustralie-a-strasbourg-qui-est-amaury-de-saint-quentin-nouveau-prefet-du-grand-est\/\" target=\"_blank\" rel=\"noopener\"><br \/>\n                    <img width=\"450\" height=\"270\" src=\"https:\/\/www.europesays.com\/fr\/wp-content\/uploads\/2025\/12\/d1-450x270.jpg\" class=\"attachment-card-horizontal--same-subject size-card-horizontal--same-subject wp-post-image\" alt=\"\" decoding=\"async\" loading=\"lazy\"\/>                <\/a><\/p>\n<p>Pour le Nouvel An, ni p\u00e9tards, ni alcool sur la voie publique<\/p>\n<p class=\"p1\">Alors que la symphonie des p\u00e9tards retentit de plus en plus fort \u00e0 Strasbourg ces derniers jours, <a href=\"https:\/\/www.bas-rhin.gouv.fr\/contenu\/telechargement\/59200\/424056\/file\/AP%20artifices%2026%2011%202025.pdf\" target=\"_blank\" rel=\"noopener\">ils sont pourtant interdits depuis le 1er d\u00e9cembre<\/a>. <b>L\u2019arr\u00eat\u00e9 pr\u00e9fectoral pr\u00e9cise que l\u2019achat, la vente, la d\u00e9tention, le transport et l\u2019utilisation d\u2019artifices de divertissement de cat\u00e9gories F2 et F3 sont interdits du lundi 1er d\u00e9cembre 2025 \u00e0 minuit au samedi 3 janvier 2026 \u00e0 8h<\/b>. Leur utilisation sur l\u2019espace public et dans les lieux de grand rassemblement, ainsi qu\u2019\u00e0 leurs abords imm\u00e9diats, est \u00e9galement interdite. L\u2019an dernier, 17 bless\u00e9(e)s ont \u00e9t\u00e9 recens\u00e9(e)s.<\/p>\n<p class=\"p1\"><b>C\u00f4t\u00e9 alcool, la vente et la consommation sur la voie publique est interdite du 31 d\u00e9cembre \u00e0 12h jusqu\u2019au 1er janvier \u00e0 12h<\/b>. Enfin, les Strasbourgeois(es) auront l\u2019interdiction de distribuer, d\u2019acheter ou de vendre \u00e0 emporter des carburants dans tout r\u00e9cipient transportable jusqu\u2019au 3 janvier \u00e0 8h.<\/p>\n<p>    <img width=\"800\" height=\"533\" src=\"https:\/\/www.europesays.com\/fr\/wp-content\/uploads\/2025\/12\/petard-pixabay-libre-de-droit.jpg\" class=\"attachment-image-size-L size-image-size-L\" alt=\"p\u00e9tard pixabay libre de droit\" decoding=\"async\" loading=\"lazy\"  \/>         \u00a9 Pixabay \/ Photo d&rsquo;illustration <\/p>\n<p>La poursuite du couvre-feu pour mineur(e)s de moins de 16 ans<\/p>\n<p class=\"p1\">Pour la cinqui\u00e8me ann\u00e9e cons\u00e9cutive depuis le covid, <b>la pr\u00e9fecture du Bas-Rhin impose un couvre-feu aux mineur(e)s de moins de 16 ans non accompagn\u00e9(e)s par un parent ou un(e) repr\u00e9sentant(e) de l\u2019autorit\u00e9 parentale<\/b>.<\/p>\n<p class=\"p1\">Comme on ne change toujours pas une \u00e9quipe qui gagne, <b>le couvre-feu s\u2019\u00e9tendra comme chaque ann\u00e9e du 31 d\u00e9cembre \u00e0 22h jusqu\u2019au 1<\/b><b>\u1d49\u02b3<\/b><b> janvier \u00e0 6h<\/b>. Et ce sur 7 communes : Bischheim, Hoenheim, Illkirch-Graffenstaden, Lingolsheim, Ostwald, Schiltigheim et bien \u00e9videmment Strasbourg.<\/p>\n<p>    <img width=\"800\" height=\"533\" src=\"https:\/\/www.europesays.com\/fr\/wp-content\/uploads\/2025\/12\/france-strasbourg-ete-wr-77-sur-113-800x533.jpg\" class=\"attachment-image-size-L size-image-size-L\" alt=\"Toutistes, gens pour la projection sur cath\u00e9drale, nuit\" decoding=\"async\" loading=\"lazy\"  \/>         \u00a9 Wilfried Rion \/ Pokaa <\/p>\n<p>Un service sp\u00e9cial de bus et de trams \u00e0 partir de 19h30 et des lignes d\u00e9vi\u00e9es<\/p>\n<p class=\"p2\">Dernier rappel, pour la Saint-Sylvestre, <b>la CTS met en place un r\u00e9seau de bus et de trams adapt\u00e9 de 19h30 \u00e0 22h30, puis de 2h30 \u00e0 4h30 le 1er janvier<\/b>. Les trams circuleront toutes les 30 minutes entre 19h et 22h, puis toutes les heures apr\u00e8s 2h30 du matin le 1er janvier 2026. Niveau bus, un r\u00e9seau sp\u00e9cifique desservira l\u2019Eurom\u00e9tropole avec 10 lignes diff\u00e9rentes entre 19h30 et 4h30, avec un bus toutes les heures.<\/p>\n<p class=\"p2\">Enfin, pour des raisons de s\u00e9curit\u00e9, <strong>certaines d\u00e9viations seront mises en place et des arr\u00eats ne seront alors plus desservis, principalement dans <a href=\"https:\/\/pokaa.fr\/2024\/01\/16\/strasbourg-compte-deux-nouveaux-quartiers-prioritaires-mais-quest-ce-que-ca-veut-dire\/\" target=\"_blank\" rel=\"noopener\">les QPV<\/a> \u00e0 partir de 15h ou apr\u00e8s 17h<\/strong>. Il s\u2019agit des lignes C5, C7, mais \u00e9galement la ligne G. On vous donne tous les d\u00e9tails ci-dessous :<\/p>\n<p>                <a href=\"https:\/\/pokaa.fr\/2025\/12\/22\/strasbourg-attention-trams-et-bus-vont-circuler-differemment-pour-noel-et-nouvel-an\/\" target=\"_blank\" rel=\"noopener\"><br \/>\n                    <img width=\"360\" height=\"270\" src=\"https:\/\/www.europesays.com\/fr\/wp-content\/uploads\/2025\/12\/273824831_632307077996439_2937726925557699247_n.jpg\" class=\"attachment-card-horizontal--same-subject size-card-horizontal--same-subject wp-post-image\" alt=\"tram nuit transports Strasbourg\" decoding=\"async\" loading=\"lazy\"  \/>                <\/a><\/p>\n<p style=\"text-align: center;\"><strong>Joyeux Nouvel An \u00e0 toutes et tous !<\/strong><\/p>\n","protected":false},"excerpt":{"rendered":"Accueil \/ Info locale \/ Alcool, p\u00e9tards, couvre-feu : quel dispositif de s\u00e9curit\u00e9 pour le Nouvel An 2026&hellip;\n","protected":false},"author":2,"featured_media":628832,"comment_status":"","ping_status":"","sticky":false,"template":"","format":"standard","meta":{"footnotes":""},"categories":[2820],"tags":[1111,917,11,1777,674,1011,27,775,12,39117,15031,25,656,640],"class_list":{"0":"post-628831","1":"post","2":"type-post","3":"status-publish","4":"format-standard","5":"has-post-thumbnail","7":"category-strasbourg","8":"tag-actu","9":"tag-actu-locale","10":"tag-actualites","11":"tag-eu","12":"tag-europe","13":"tag-fr","14":"tag-france","15":"tag-grand-est","16":"tag-news","17":"tag-nouvel-an","18":"tag-petards","19":"tag-republique-francaise","20":"tag-securite","21":"tag-strasbourg"},"share_on_mastodon":{"url":"https:\/\/pubeurope.com\/@fr\/115805887665327438","error":""},"_links":{"self":[{"href":"https:\/\/www.europesays.com\/fr\/wp-json\/wp\/v2\/posts\/628831","targetHints":{"allow":["GET"]}}],"collection":[{"href":"https:\/\/www.europesays.com\/fr\/wp-json\/wp\/v2\/posts"}],"about":[{"href":"https:\/\/www.europesays.com\/fr\/wp-json\/wp\/v2\/types\/post"}],"author":[{"embeddable":true,"href":"https:\/\/www.europesays.com\/fr\/wp-json\/wp\/v2\/users\/2"}],"replies":[{"embeddable":true,"href":"https:\/\/www.europesays.com\/fr\/wp-json\/wp\/v2\/comments?post=628831"}],"version-history":[{"count":0,"href":"https:\/\/www.europesays.com\/fr\/wp-json\/wp\/v2\/posts\/628831\/revisions"}],"wp:featuredmedia":[{"embeddable":true,"href":"https:\/\/www.europesays.com\/fr\/wp-json\/wp\/v2\/media\/628832"}],"wp:attachment":[{"href":"https:\/\/www.europesays.com\/fr\/wp-json\/wp\/v2\/media?parent=628831"}],"wp:term":[{"taxonomy":"category","embeddable":true,"href":"https:\/\/www.europesays.com\/fr\/wp-json\/wp\/v2\/categories?post=628831"},{"taxonomy":"post_tag","embeddable":true,"href":"https:\/\/www.europesays.com\/fr\/wp-json\/wp\/v2\/tags?post=628831"}],"curies":[{"name":"wp","href":"https:\/\/api.w.org\/{rel}","templated":true}]}}