{"id":628833,"date":"2025-12-30T01:19:19","date_gmt":"2025-12-30T01:19:19","guid":{"rendered":"https:\/\/www.europesays.com\/fr\/628833\/"},"modified":"2025-12-30T01:19:19","modified_gmt":"2025-12-30T01:19:19","slug":"akkuzu-seyfried-charlotte-et-camille-lutz-se-sont-entraines-ensemble-a-strasbourg","status":"publish","type":"post","link":"https:\/\/www.europesays.com\/fr\/628833\/","title":{"rendered":"Akkuzu, Seyfried, Charlotte et Camille Lutz se sont entra\u00een\u00e9s ensemble \u00e0 Strasbourg"},"content":{"rendered":"<p>Une l\u00e9g\u00e8re musique d\u2019ambiance en fond et, surtout, des bruits de balles. Depuis dimanche et jusqu\u2019\u00e0 ce mardi, les meilleurs pongistes alsaciens partagent la m\u00eame salle d\u2019entra\u00eenement au Creps de Strasbourg. Le moment est rare.<\/p>\n<p>Les s\u0153urs Charlotte et <a href=\"https:\/\/www.dna.fr\/p\/camille-lutz\" target=\"_blank\" rel=\"noopener\">Camille Lutz<\/a>, <a href=\"https:\/\/www.dna.fr\/sport\/2025\/12\/10\/des-protheses-de-hanche-au-rang-de-n-7-francais-la-resilience-selon-l-alsacien-joe-seyfried\" target=\"_blank\" rel=\"noopener\">Jo\u00e9 Seyfried<\/a> et <a href=\"https:\/\/www.dna.fr\/p\/can-akkuzu\" target=\"_blank\" rel=\"noopener\">Can Akkuzu<\/a> ne sont quasiment jamais en m\u00eame temps dans la r\u00e9gion. Sauf pendant les f\u00eates, pass\u00e9es en famille. \u00c0 Hochfelden pour les premi\u00e8res, Reichstett pour le second et Haguenau, enfin, pour le dernier. Le moment \u00e9tait donc parfaitement choisi pour tenter de les r\u00e9unir.<\/p>\n<p>Avec d&rsquo;autres pongistes de la r\u00e9gion<\/p>\n<p>\u00ab\u00a0On l\u2019avait d\u00e9j\u00e0 fait en 2023, pas l\u2019an dernier. C\u2019est l\u2019occasion de se revoir, \u00e7a fait toujours plaisir\u00a0\u00bb, confirme l\u2019entra\u00eeneur du p\u00f4le espoirs&#8230;<\/p>\n","protected":false},"excerpt":{"rendered":"Une l\u00e9g\u00e8re musique d\u2019ambiance en fond et, surtout, des bruits de balles. Depuis dimanche et jusqu\u2019\u00e0 ce mardi,&hellip;\n","protected":false},"author":2,"featured_media":628834,"comment_status":"","ping_status":"","sticky":false,"template":"","format":"standard","meta":{"footnotes":""},"categories":[2820],"tags":[1111,11,2880,1777,674,1701,1011,27,775,12,25,517,640,2879,16149],"class_list":{"0":"post-628833","1":"post","2":"type-post","3":"status-publish","4":"format-standard","5":"has-post-thumbnail","7":"category-strasbourg","8":"tag-actu","9":"tag-actualites","10":"tag-edition-strasbourg","11":"tag-eu","12":"tag-europe","13":"tag-fil-info-sport","14":"tag-fr","15":"tag-france","16":"tag-grand-est","17":"tag-news","18":"tag-republique-francaise","19":"tag-sport","20":"tag-strasbourg","21":"tag-strasbourg-ville","22":"tag-tennis-de-table"},"share_on_mastodon":{"url":"https:\/\/pubeurope.com\/@fr\/115805890946183820","error":""},"_links":{"self":[{"href":"https:\/\/www.europesays.com\/fr\/wp-json\/wp\/v2\/posts\/628833","targetHints":{"allow":["GET"]}}],"collection":[{"href":"https:\/\/www.europesays.com\/fr\/wp-json\/wp\/v2\/posts"}],"about":[{"href":"https:\/\/www.europesays.com\/fr\/wp-json\/wp\/v2\/types\/post"}],"author":[{"embeddable":true,"href":"https:\/\/www.europesays.com\/fr\/wp-json\/wp\/v2\/users\/2"}],"replies":[{"embeddable":true,"href":"https:\/\/www.europesays.com\/fr\/wp-json\/wp\/v2\/comments?post=628833"}],"version-history":[{"count":0,"href":"https:\/\/www.europesays.com\/fr\/wp-json\/wp\/v2\/posts\/628833\/revisions"}],"wp:featuredmedia":[{"embeddable":true,"href":"https:\/\/www.europesays.com\/fr\/wp-json\/wp\/v2\/media\/628834"}],"wp:attachment":[{"href":"https:\/\/www.europesays.com\/fr\/wp-json\/wp\/v2\/media?parent=628833"}],"wp:term":[{"taxonomy":"category","embeddable":true,"href":"https:\/\/www.europesays.com\/fr\/wp-json\/wp\/v2\/categories?post=628833"},{"taxonomy":"post_tag","embeddable":true,"href":"https:\/\/www.europesays.com\/fr\/wp-json\/wp\/v2\/tags?post=628833"}],"curies":[{"name":"wp","href":"https:\/\/api.w.org\/{rel}","templated":true}]}}