{"id":628835,"date":"2025-12-30T01:21:25","date_gmt":"2025-12-30T01:21:25","guid":{"rendered":"https:\/\/www.europesays.com\/fr\/628835\/"},"modified":"2025-12-30T01:21:25","modified_gmt":"2025-12-30T01:21:25","slug":"nice-un-bouchon-geant-se-forme-sur-lautoroute-a8-les-pompiers-sont-sur-place","status":"publish","type":"post","link":"https:\/\/www.europesays.com\/fr\/628835\/","title":{"rendered":"Nice. Un bouchon g\u00e9ant se forme sur l&rsquo;autoroute A8, les pompiers sont sur place"},"content":{"rendered":"<p>                    Par<br \/>\n        <strong><br \/>\n            <a href=\"https:\/\/actu.fr\/auteur\/ugo-maillard\" title=\"Consulter tous les articles de Ugo Maillard\" target=\"_blank\" rel=\"noopener\">Ugo Maillard<\/a><br \/>\n                    <\/strong><\/p>\n<p>        Publi\u00e9 le<\/p>\n<p>            29 d\u00e9c. 2025 \u00e0 18h31        <\/p>\n<p>Les sapeurs-pompiers des <a href=\"https:\/\/actu.fr\/provence-alpes-cote-d-azur\/alpes-maritimes_06\" target=\"_blank\" rel=\"noopener\">Alpes-Maritimes<\/a> sont d\u00e9ploy\u00e9s en nombre aux abords de l\u2019autoroute A8, ce lundi 29\u00a0d\u00e9cembre 2025. En cause, un<strong> individu a enjamb\u00e9 la rambarde<\/strong> du pont de l\u2019autoroute, au niveau de la sortie 55, \u00e0 <a href=\"https:\/\/actu.fr\/nice\/\" target=\"_blank\" rel=\"noopener\">Nice<\/a>.<\/p>\n<p class=\" wall-content\">Cette situation d\u00e9licate, toujours en cours \u00e0 18h20 et dont la nature est inconnue pour le moment, est \u00e0 l\u2019origine d\u2019un embouteillage de plusieurs kilom\u00e8tres<strong> dans le sens Marseille \u2013 Italie<\/strong>.<\/p>\n<p>Une sortie ferm\u00e9e \u00e0 la circulation<\/p>\n<p class=\" wall-content\">Par mesure de pr\u00e9caution et pour permettre la bonne intervention des effectifs de secours, la sortie num\u00e9ro\u00a055 est ferm\u00e9e \u00e0 la circulation.<\/p>\n<p>    <a href=\"https:\/\/www.google.com\/maps\/embed?pb=!1m16!1m12!1m3!1d3330.8347066916044!2d7.289910434322222!3d43.73217447915896!2m3!1f0!2f0!3f0!3m2!1i1024!2i768!4f13.1!2m1!1ssortie%2055%20autoroute%20a8!5e0!3m2!1sfr!2sfr!4v1767029168579!5m2!1sfr!2sfr\" title=\"Ouvrie le lien\" target=\"_blank\" rel=\"noopener\">Cliquez ici pour visualiser le contenu<\/a><\/p>\n<p class=\" wall-content\">Sept engins et 22 sapeurs-pompiers sont sur place.<\/p>\n<p class=\" wall-content\"><strong>Plus d\u2019informations \u00e0 suivre\u2026<\/strong><\/p>\n<p class=\" wall-content\">Personnalisez votre actualit\u00e9 en ajoutant vos villes et m\u00e9dias en favori avec <a href=\"https:\/\/moncompte.actu.fr\" title=\"D\u00e9couvez Mon Actu\" rel=\"nofollow noopener\" data-trk=\"{&quot;cta&quot;:{&quot;action&quot;:&quot;https:\\\/\\\/moncompte.actu.fr&quot;,&quot;category&quot;:&quot;mon compte&quot;,&quot;from&quot;:&quot;article footer&quot;,&quot;name&quot;:&quot;Mon actu&quot;,&quot;type&quot;:&quot;cta&quot;}}\" target=\"_blank\">Mon Actu<\/a>.<\/p>\n","protected":false},"excerpt":{"rendered":"Par Ugo Maillard Publi\u00e9 le 29 d\u00e9c. 2025 \u00e0 18h31 Les sapeurs-pompiers des Alpes-Maritimes sont d\u00e9ploy\u00e9s en nombre&hellip;\n","protected":false},"author":2,"featured_media":628836,"comment_status":"","ping_status":"","sticky":false,"template":"","format":"standard","meta":{"footnotes":""},"categories":[2819],"tags":[1111,11,5397,1777,674,118,1011,27,803,12,2401,1311,882,25],"class_list":{"0":"post-628835","1":"post","2":"type-post","3":"status-publish","4":"format-standard","5":"has-post-thumbnail","7":"category-nice","8":"tag-actu","9":"tag-actualites","10":"tag-autoroute-8-a8","11":"tag-eu","12":"tag-europe","13":"tag-faits-divers","14":"tag-fr","15":"tag-france","16":"tag-info-trafic","17":"tag-news","18":"tag-nice","19":"tag-pompiers","20":"tag-provence-alpes-cote-dazur","21":"tag-republique-francaise"},"share_on_mastodon":{"url":"https:\/\/pubeurope.com\/@fr\/115805898815858987","error":""},"_links":{"self":[{"href":"https:\/\/www.europesays.com\/fr\/wp-json\/wp\/v2\/posts\/628835","targetHints":{"allow":["GET"]}}],"collection":[{"href":"https:\/\/www.europesays.com\/fr\/wp-json\/wp\/v2\/posts"}],"about":[{"href":"https:\/\/www.europesays.com\/fr\/wp-json\/wp\/v2\/types\/post"}],"author":[{"embeddable":true,"href":"https:\/\/www.europesays.com\/fr\/wp-json\/wp\/v2\/users\/2"}],"replies":[{"embeddable":true,"href":"https:\/\/www.europesays.com\/fr\/wp-json\/wp\/v2\/comments?post=628835"}],"version-history":[{"count":0,"href":"https:\/\/www.europesays.com\/fr\/wp-json\/wp\/v2\/posts\/628835\/revisions"}],"wp:featuredmedia":[{"embeddable":true,"href":"https:\/\/www.europesays.com\/fr\/wp-json\/wp\/v2\/media\/628836"}],"wp:attachment":[{"href":"https:\/\/www.europesays.com\/fr\/wp-json\/wp\/v2\/media?parent=628835"}],"wp:term":[{"taxonomy":"category","embeddable":true,"href":"https:\/\/www.europesays.com\/fr\/wp-json\/wp\/v2\/categories?post=628835"},{"taxonomy":"post_tag","embeddable":true,"href":"https:\/\/www.europesays.com\/fr\/wp-json\/wp\/v2\/tags?post=628835"}],"curies":[{"name":"wp","href":"https:\/\/api.w.org\/{rel}","templated":true}]}}