{"id":628837,"date":"2025-12-30T01:23:12","date_gmt":"2025-12-30T01:23:12","guid":{"rendered":"https:\/\/www.europesays.com\/fr\/628837\/"},"modified":"2025-12-30T01:23:12","modified_gmt":"2025-12-30T01:23:12","slug":"les-cinq-restaurants-qui-vous-ont-marque-cette-annee","status":"publish","type":"post","link":"https:\/\/www.europesays.com\/fr\/628837\/","title":{"rendered":"les cinq restaurants qui vous ont marqu\u00e9 cette ann\u00e9e"},"content":{"rendered":"<p>                    Par<br \/>\n        <strong><br \/>\n            <a href=\"https:\/\/actu.fr\/auteur\/thomas-bernard\" title=\"Consulter tous les articles de Thomas Bernard\" target=\"_blank\" rel=\"noopener\">Thomas Bernard<\/a><br \/>\n                    <\/strong><\/p>\n<p>        Publi\u00e9 le<\/p>\n<p>            28 d\u00e9c. 2025 \u00e0 17h16        <\/p>\n<p>Depuis plusieurs ann\u00e9es, Nantes s\u2019affirme comme une destination culinaire incontournable en France. Dans son classement annuel, La Liste, r\u00e9f\u00e9rence mondiale de la gastronomie mondiale, a d\u00e9cern\u00e9 <a href=\"https:\/\/www.lestablesdenantes.fr\/la-liste\/\" target=\"_blank\" rel=\"noopener\">le prix de la \u00ab\u2009nouvelle destination gastronomique\u2009\u00bb au pays nantais<\/a>.<\/p>\n<p class=\" wall-content\">Europe de l\u2019Est, convivialit\u00e9, cuisine de la mer, inclusivit\u00e9 et p\u00e2tisseries uniques\u2026 Tant de th\u00e9matiques abord\u00e9es avec les restaurateurs de la cit\u00e9 des ducs de Bretagne. R\u00e9trospective de 2025 avec cinq adresses gourmandes.<\/p>\n<p>Orig\u2019amis, le restaurant inclusif<\/p>\n<p class=\" wall-content\">\u00c0 quelques pas de la cath\u00e9drale de Nantes, le restaurant Orig\u2019amis propose une offre de gaufres sal\u00e9es et sucr\u00e9es. Ouverte depuis le 10\u00a0septembre 2025, cette nouvelle adresse gourmande travaille avec des <b>jeunes stagiaires et alternants en situation de handicap qui d\u00e9couvrent le monde de la restauration. <\/b>Lors de notre reportage, nous avions rencontr\u00e9 Vincent, alternant en salle.<\/p>\n<p>    <img   decoding=\"async\" loading=\"lazy\" class=\"size-large\" src=\"https:\/\/www.europesays.com\/fr\/wp-content\/uploads\/2025\/12\/89ec1814a2e867dec1814a2e841fc1v-960x640.jpg\" alt=\"Pr\u00e8s de la cath\u00e9drale de Nantes, l'association Orig'amis a ouvert son restaurant inclusif o\u00f9 des personnes en situation de handicap d\u00e9couvre le milieu de la restauration.\" width=\"960\" height=\"640\"\/><br \/>\n    Pr\u00e8s de la cath\u00e9drale de Nantes, l\u2019association Orig\u2019amis a ouvert son restaurant inclusif o\u00f9 des personnes en situation de handicap d\u00e9couvrent le milieu de la restauration. \u00a9Thomas Bernard \/ actu Nantes<\/p>\n<p class=\" wall-content\"><b><br \/><\/b>\u00ab\u2009Pour avoir accompagn\u00e9 des familles et des jeunes, j\u2019ai remarqu\u00e9 que c\u2019\u00e9tait une vraie bataille. Quand il s\u2019agit du travail ou de l\u2019orientation\u2009: c\u2019est un sacr\u00e9 parcours\u2009\u00bb, nous confiait Patricia Dehaussy, fondatrice de l\u2019association Orig\u2019amis, \u00e0 l\u2019origine du restaurant.<b\/><\/p>\n<p class=\" wall-content\">Retrouvez notre article complet <a href=\"https:\/\/actu.fr\/pays-de-la-loire\/nantes_44109\/nantes-ce-nouveau-restaurant-travaille-avec-des-personnes-en-situation-de-handicap_63253638.html\" target=\"_blank\" rel=\"noopener\">ici<\/a>.<\/p>\n<p>M.Strogoff, une aventure culinaire<\/p>\n<p class=\" wall-content\">En 1876, para\u00eet\u00a0Michel Strogoff, roman d\u2019aventures historique \u00e9crit par Jules Verne. Dans ce r\u00e9cit, le plus c\u00e9l\u00e8bre des auteurs nantais\u00a0<b>narre le p\u00e9riple de Michel Strogoff<\/b>, porteur d\u2019une lettre au Tsar, \u00e0 travers les r\u00e9gions sib\u00e9riennes. Pr\u00e8s de 150\u00a0ans plus tard, l\u2019aventurier porte le nom d\u2019un restaurant r\u00e9put\u00e9 du centre-ville.<\/p>\n<p>Votre r\u00e9gion, votre actu !<\/p>\n<p>Recevez chaque jour les infos qui comptent pour vous.<\/p>\n<p>\t<a href=\"https:\/\/actu.fr\/newsletter\" class=\"ac-btn ac-btn--corner ac-btn--medium ac-btn--blue800\" target=\"_blank\" rel=\"noopener\">S&rsquo;incrire<\/a><\/p>\n<p class=\" wall-content\">Depuis 2018, M.Strogoff, tenu par David Amasyan et Gayan\u00e9 Melkonyan, met en exergue la gastronomie des pays d\u2019Europe de l\u2019Est. Sur la carte, on retrouve\u2009: du bortsch, soupe traditionnelle ukrainienne\u2009; des raviolis russes appel\u00e9s pelmeni, ou encore des <b>khinkali<\/b>, grandes ravioles typiques de G\u00e9orgie.<\/p>\n<p class=\" wall-content\">Red\u00e9couvrez l\u2019histoire du restaurant de la rue Saint-L\u00e9onard, <a href=\"https:\/\/actu.fr\/pays-de-la-loire\/nantes_44109\/a-nantes-ce-restaurant-reconnu-invite-a-voyager-l-autre-bout-de-l-europe_62166060.html\" target=\"_blank\" rel=\"noopener\">ici<\/a>.<\/p>\n<p>Gwaien et sa cuisine de la mer<\/p>\n<p class=\" wall-content\">Les Tables de Nantes ont choisi trois restaurants \u00ab\u2009Coups de pouce\u2009\u00bb pour son \u00e9dition 2025-2026. Parmi les laur\u00e9ats, Gwaien, un restaurant \u00e0 la devanture bleue situ\u00e9 \u00e0 quelques encablures du <a href=\"https:\/\/actu.fr\/pays-de-la-loire\/nantes_44109\/sale-et-abimee-a-nantes-le-ras-le-bol-des-commercants-du-marche-de-talensac-face-a-l-etat-de-la-halle_62763272.html\" target=\"_blank\" rel=\"noopener\">march\u00e9 de Talensac.<\/a><\/p>\n<p>    <img   decoding=\"async\" loading=\"lazy\" class=\"size-large\" src=\"https:\/\/www.europesays.com\/fr\/wp-content\/uploads\/2025\/12\/db1e5f87b9b86302e5f87b9b8442e5v-960x640.jpg\" alt=\"J\u00e9r\u00e9my Guivarch a cr\u00e9\u00e9 son restaurant, Gwaien, il y a 6 ans. Il travaille avec Arnold et Claire (au centre et \u00e0 droite).\" width=\"960\" height=\"640\"\/><br \/>\n    J\u00e9r\u00e9my Guivarch a cr\u00e9\u00e9 son restaurant, Gwaien, il y a six ans. Il travaille avec Arnold et Claire (au centre et \u00e0 droite). \u00a9Laure Gentil \/ actu Nantes<\/p>\n<p class=\" wall-content\">Originaire de Bretagne, J\u00e9r\u00e9my Guivarch est le propri\u00e9taire et chef du restaurant nantais. Dans les assiettes, Gwaien fait la part belle aux <a href=\"https:\/\/actu.fr\/pays-de-la-loire\/nantes_44109\/a-nantes-une-poissonnerie-pas-comme-les-autres-a-ouvert-en-centre-ville_63101654.html\" target=\"_blank\" rel=\"noopener\">produits de la mer<\/a>.<\/p>\n<p class=\" wall-content\">Retrouvez notre entretien avec le chef <a href=\"https:\/\/actu.fr\/pays-de-la-loire\/nantes_44109\/tables-de-nantes-le-restaurant-gwaien-et-sa-cuisine-de-la-mer-recoivent-un-coup-de-pouce_63109876.html\" target=\"_blank\" rel=\"noopener\">ici<\/a>.<\/p>\n<p>Magnum, le bistrot convivial de l\u2019\u00eele de Nantes<\/p>\n<p class=\" wall-content\">Ouvert en fin d\u2019ann\u00e9e 2024, Magnum, le bistrot du boulevard de la Prairie au Duc s\u2019est impos\u00e9 dans le paysage de l\u2019\u00eele de Nantes. L\u2019adresse est la derni\u00e8re venue dans la Food Family, groupement de restaurants nantais r\u00e9unissant\u2009: le Bibou et le <a href=\"https:\/\/actu.fr\/pays-de-la-loire\/nantes_44109\/nantes-balthazar-le-nouveau-bistrot-convivial-et-local-de-la-rue-santeuil_46736650.html\" target=\"_blank\" rel=\"noopener\">bistrot Balthazar<\/a> (rue Santeuil).<\/p>\n<p class=\" wall-content\">\u0152ufs mayonnaise, poulet frites et mousse au chocolat sont les stars de la carte du bistrot de quartier. \u00ab\u2009Quand on vient au Magnum, l\u2019id\u00e9e c\u2019est d\u2019\u00eatre dans le partage, de servir des grandes tabl\u00e9es et que les gens s\u2019\u00e9clatent\u2009\u00bb, nous rappelait Arthur Mac Leod, un des g\u00e9rants de l\u2019adresse nantaise.<\/p>\n<p class=\" wall-content\">Notre article complet <a href=\"https:\/\/actu.fr\/pays-de-la-loire\/nantes_44109\/sur-l-ile-de-nantes-ce-nouveau-bistro-veut-faire-vivre-le-quartier_62275037.html\" target=\"_blank\" rel=\"noopener\">ici<\/a>.<\/p>\n<p>Mama-Caf\u00e9 et ses p\u00e2tisseries uniques<\/p>\n<p class=\" wall-content\">En octobre dernier, Yasmine, originaire de Lyon, a ouvert Mama-Caf\u00e9, rue Contrescarpe, \u00e0 quelques pas de la place Royale \u00e0 Nantes. Apr\u00e8s avoir encha\u00een\u00e9 les formations dans le monde de la p\u00e2tisserie, la n\u00e9o-Nantaise de 26 ans a d\u00e9cid\u00e9 de lancer son commerce.<\/p>\n<p>    <img   decoding=\"async\" loading=\"lazy\" class=\"size-large\" src=\"https:\/\/www.europesays.com\/fr\/wp-content\/uploads\/2025\/12\/91a1a21c06e8656a1a21c06e86aa1av-960x640.jpg\" alt=\"Yasmine ouvre son caf\u00e9-p\u00e2tisserie rue Contresescarpe \u00e0 Nantes.\" width=\"960\" height=\"640\"\/><br \/>\n    Yasmine a ouvert son caf\u00e9 p\u00e2tisserie rue Contrescarpe \u00e0 Nantes. \u00a9Laure Gentil \/ actu Nantes<\/p>\n<p class=\" wall-content\">La carte propose des\u00a0<b>viennoiseries revisit\u00e9es avec de la p\u00e2te \u00e0 croissant<\/b>, des cinnamon rolls, des plats sal\u00e9s de saison et une sp\u00e9cialit\u00e9 unique \u00e0 Nantes\u2009: le\u00a0<b>Bliss<\/b>.<\/p>\n<p class=\" wall-content\">Pour en savoir plus sur ce lieu pas comme les autres, cliquez <a href=\"https:\/\/actu.fr\/pays-de-la-loire\/nantes_44109\/a-nantes-ce-nouveau-coffee-shop-va-vendre-des-patisseries-uniques-en-leur-genre_62998432.html\" target=\"_blank\" rel=\"noopener\">ici<\/a>.<\/p>\n<p class=\" wall-content\">Personnalisez votre actualit\u00e9 en ajoutant vos villes et m\u00e9dias en favori avec <a href=\"https:\/\/moncompte.actu.fr\" title=\"D\u00e9couvez Mon Actu\" rel=\"nofollow noopener\" data-trk=\"{&quot;cta&quot;:{&quot;action&quot;:&quot;https:\\\/\\\/moncompte.actu.fr&quot;,&quot;category&quot;:&quot;mon compte&quot;,&quot;from&quot;:&quot;article footer&quot;,&quot;name&quot;:&quot;Mon actu&quot;,&quot;type&quot;:&quot;cta&quot;}}\" target=\"_blank\">Mon Actu<\/a>.<\/p>\n","protected":false},"excerpt":{"rendered":"Par Thomas Bernard Publi\u00e9 le 28 d\u00e9c. 2025 \u00e0 17h16 Depuis plusieurs ann\u00e9es, Nantes s\u2019affirme comme une destination&hellip;\n","protected":false},"author":2,"featured_media":628838,"comment_status":"","ping_status":"","sticky":false,"template":"","format":"standard","meta":{"footnotes":""},"categories":[2818],"tags":[1111,11,215,1777,674,1011,27,766,12,2636,25,1340,104],"class_list":{"0":"post-628837","1":"post","2":"type-post","3":"status-publish","4":"format-standard","5":"has-post-thumbnail","7":"category-nantes","8":"tag-actu","9":"tag-actualites","10":"tag-commerce","11":"tag-eu","12":"tag-europe","13":"tag-fr","14":"tag-france","15":"tag-nantes","16":"tag-news","17":"tag-pays-de-la-loire","18":"tag-republique-francaise","19":"tag-restaurant","20":"tag-societe"},"share_on_mastodon":{"url":"https:\/\/pubeurope.com\/@fr\/115805906866049296","error":""},"_links":{"self":[{"href":"https:\/\/www.europesays.com\/fr\/wp-json\/wp\/v2\/posts\/628837","targetHints":{"allow":["GET"]}}],"collection":[{"href":"https:\/\/www.europesays.com\/fr\/wp-json\/wp\/v2\/posts"}],"about":[{"href":"https:\/\/www.europesays.com\/fr\/wp-json\/wp\/v2\/types\/post"}],"author":[{"embeddable":true,"href":"https:\/\/www.europesays.com\/fr\/wp-json\/wp\/v2\/users\/2"}],"replies":[{"embeddable":true,"href":"https:\/\/www.europesays.com\/fr\/wp-json\/wp\/v2\/comments?post=628837"}],"version-history":[{"count":0,"href":"https:\/\/www.europesays.com\/fr\/wp-json\/wp\/v2\/posts\/628837\/revisions"}],"wp:featuredmedia":[{"embeddable":true,"href":"https:\/\/www.europesays.com\/fr\/wp-json\/wp\/v2\/media\/628838"}],"wp:attachment":[{"href":"https:\/\/www.europesays.com\/fr\/wp-json\/wp\/v2\/media?parent=628837"}],"wp:term":[{"taxonomy":"category","embeddable":true,"href":"https:\/\/www.europesays.com\/fr\/wp-json\/wp\/v2\/categories?post=628837"},{"taxonomy":"post_tag","embeddable":true,"href":"https:\/\/www.europesays.com\/fr\/wp-json\/wp\/v2\/tags?post=628837"}],"curies":[{"name":"wp","href":"https:\/\/api.w.org\/{rel}","templated":true}]}}