{"id":628839,"date":"2025-12-30T01:24:11","date_gmt":"2025-12-30T01:24:11","guid":{"rendered":"https:\/\/www.europesays.com\/fr\/628839\/"},"modified":"2025-12-30T01:24:11","modified_gmt":"2025-12-30T01:24:11","slug":"previsions-du-mardi-30-decembre-2025","status":"publish","type":"post","link":"https:\/\/www.europesays.com\/fr\/628839\/","title":{"rendered":"pr\u00e9visions du mardi 30 d\u00e9cembre 2025"},"content":{"rendered":"<p>L&rsquo;hiver se fait sentir \u00e0 Nantes : les valeurs seront comprises entre -2 et 7\u00b0C aujourd&rsquo;hui. Un vent de nord-est soufflera \u00e0 23 km\/h. Le ciel sera relativement lumineux, avec quelques \u00e9claircies le matin. Les temp\u00e9ratures seront de 3\u00b0C. Cet apr\u00e8s-midi rimera avec beau soleil. L&rsquo;hiver s&rsquo;est d\u00e9finitivement install\u00e9 puisque les valeurs s&rsquo;\u00e9chelonneront de 3 \u00e0 7\u00b0C. Apr\u00e8s un rapide passage nuageux, des \u00e9claircies sont attendues : on passera une soir\u00e9e agr\u00e9able. On pr\u00e9voit des temp\u00e9ratures avoisinant 1\u00b0C. Entre mardi et mercredi, la nuit sera claire.<\/p>\n<p>Un beau soleil est pr\u00e9vu demain \u00e0 Nantes. Une baisse du mercure, en accord avec la p\u00e9riode hivernale, est \u00e0 pr\u00e9voir. Les valeurs afficheront entre -2 et 5\u00b0C, un temps r\u00e9solument de saison. Un vent de nord-est rafra\u00eechira quelque peu l&rsquo;atmosph\u00e8re. Les Nantais vont avoir froid le matin : les temp\u00e9ratures ne vont pas d\u00e9passer 3\u00b0C. Les Nantais vont avoir froid demain apr\u00e8s-midi : les temp\u00e9ratures ne vont pas d\u00e9passer 5\u00b0C. Il va faire froid avec des temp\u00e9ratures qui s&rsquo;\u00e9chelonneront entre 0 et 5\u00b0C. Des \u00e9claircies feront leur apparition dans la soir\u00e9e.<\/p>\n<p>Les jours suivants s&rsquo;annoncent identiques. Il fera -2\u00b0C en moyenne pour des journ\u00e9es avec un ciel ensoleill\u00e9.<\/p>\n<p><\/p>\n","protected":false},"excerpt":{"rendered":"L&rsquo;hiver se fait sentir \u00e0 Nantes : les valeurs seront comprises entre -2 et 7\u00b0C aujourd&rsquo;hui. Un vent&hellip;\n","protected":false},"author":2,"featured_media":628840,"comment_status":"","ping_status":"","sticky":false,"template":"","format":"standard","meta":{"footnotes":""},"categories":[2818],"tags":[1111,11,1777,674,1011,27,766,12,2636,2119,25],"class_list":{"0":"post-628839","1":"post","2":"type-post","3":"status-publish","4":"format-standard","5":"has-post-thumbnail","7":"category-nantes","8":"tag-actu","9":"tag-actualites","10":"tag-eu","11":"tag-europe","12":"tag-fr","13":"tag-france","14":"tag-nantes","15":"tag-news","16":"tag-pays-de-la-loire","17":"tag-previsions-meteo","18":"tag-republique-francaise"},"share_on_mastodon":{"url":"https:\/\/pubeurope.com\/@fr\/115805910624875457","error":""},"_links":{"self":[{"href":"https:\/\/www.europesays.com\/fr\/wp-json\/wp\/v2\/posts\/628839","targetHints":{"allow":["GET"]}}],"collection":[{"href":"https:\/\/www.europesays.com\/fr\/wp-json\/wp\/v2\/posts"}],"about":[{"href":"https:\/\/www.europesays.com\/fr\/wp-json\/wp\/v2\/types\/post"}],"author":[{"embeddable":true,"href":"https:\/\/www.europesays.com\/fr\/wp-json\/wp\/v2\/users\/2"}],"replies":[{"embeddable":true,"href":"https:\/\/www.europesays.com\/fr\/wp-json\/wp\/v2\/comments?post=628839"}],"version-history":[{"count":0,"href":"https:\/\/www.europesays.com\/fr\/wp-json\/wp\/v2\/posts\/628839\/revisions"}],"wp:featuredmedia":[{"embeddable":true,"href":"https:\/\/www.europesays.com\/fr\/wp-json\/wp\/v2\/media\/628840"}],"wp:attachment":[{"href":"https:\/\/www.europesays.com\/fr\/wp-json\/wp\/v2\/media?parent=628839"}],"wp:term":[{"taxonomy":"category","embeddable":true,"href":"https:\/\/www.europesays.com\/fr\/wp-json\/wp\/v2\/categories?post=628839"},{"taxonomy":"post_tag","embeddable":true,"href":"https:\/\/www.europesays.com\/fr\/wp-json\/wp\/v2\/tags?post=628839"}],"curies":[{"name":"wp","href":"https:\/\/api.w.org\/{rel}","templated":true}]}}