{"id":628841,"date":"2025-12-30T01:25:21","date_gmt":"2025-12-30T01:25:21","guid":{"rendered":"https:\/\/www.europesays.com\/fr\/628841\/"},"modified":"2025-12-30T01:25:21","modified_gmt":"2025-12-30T01:25:21","slug":"30-de-nos-agents-utilisent-chat-gpt-alors-quon-leur-a-demande-de-ne-pas-le-faire","status":"publish","type":"post","link":"https:\/\/www.europesays.com\/fr\/628841\/","title":{"rendered":"\u00ab\u00a030\u00a0% de nos agents utilisent Chat GPT alors qu\u2019on leur a demand\u00e9 de ne pas le faire\u00a0\u00bb"},"content":{"rendered":"<p>Des promesses en mati\u00e8re \u00ab\u00a0d\u2019efficience administrative, de relation aux citoyens, ou d\u2019action territoriale\u00a0\u00bb qui ne vont pas sans leur contingent d\u2019inconnues\u00a0: \u00ab\u00a0biais algorithmiques, atteintes \u00e0 la vie priv\u00e9e, impact \u00e9nerg\u00e9tique fort, risque de fractures territoriales et sur la d\u00e9mocratie\u00a0\u00bb, auxquels s\u2019ajoute \u00ab\u00a0la d\u00e9pendance num\u00e9rique aux Gafam [g\u00e9ants du net] des pays europ\u00e9ens\u00a0\u00bb.<\/p>\n<p>\u00ab\u00a0Cadre \u00e9thique\u00a0\u00bb<\/p>\n<p>L\u2019expos\u00e9 para\u00eet tr\u00e8s g\u00e9n\u00e9raliste, le constat des pratiques est terre \u00e0 terre\u00a0: \u00ab\u00a030\u00a0% de nos agents utilisent Chat GPT alors qu\u2019on leur a demand\u00e9 de ne pas le faire\u00a0\u00bb, a r\u00e9v\u00e9l\u00e9 Delphine Jamet, au cours du d\u00e9bat m\u00e9tropolitain, le 5\u00a0d\u00e9cembre, \u00ab\u00a0en int\u00e9grant des documents administratifs pas forc\u00e9ment valid\u00e9s pour les r\u00e9sumer, les amender, les am\u00e9liorer\u00a0\u00bb. Et cette \u00e9lue de la Ville de Bordeaux, par ailleurs archiviste de m\u00e9tier, d\u2019observer\u00a0: \u00ab\u00a0Tout document et toute donn\u00e9e publique constituent des archives. Et on met \u00e7a dans Chat GPT. On donne tout notre bien commun aux Gafam pour qu\u2019ils soient encore plus performants.\u00a0\u00bb<\/p>\n<blockquote><p>\u00ab\u00a0On donne tout notre bien commun aux Gafam pour qu\u2019ils soient encore plus performants\u00a0\u00bb<\/p><\/blockquote>\n<p>D\u2019o\u00f9 la n\u00e9cessit\u00e9 d\u2019un \u00ab\u00a0cadre \u00e9thique et responsable\u00a0\u00bb qui passe notamment par un usage strict de l\u2019IA, en proscrivant non seulement \u00ab\u00a0la surveillance individuelle\u00a0\u00bb ou \u00ab\u00a0la reconnaissance biom\u00e9trique\u00a0\u00bb mais aussi \u00ab\u00a0les d\u00e9cisions enti\u00e8rement automatis\u00e9es sans intervention humaine\u00a0\u00bb ou encore des m\u00e9canismes de notation sociale. Mais il s\u2019agit aussi de saisir \u00ab\u00a0les opportunit\u00e9s\u00a0\u00bb de l\u2019IA, \u00e0 travers \u00ab\u00a0le soutien \u00e0 l\u2019analyse de d\u00e9cision\u00a0\u00bb au sein des services de Bordeaux M\u00e9tropole, ou une offre de parcours \u00ab\u00a0plus accessibles\u00a0\u00bb pour les citoyens en demande.<\/p>\n<p>\u00ab\u00a0Totalement illusoire\u00a0\u00bb<\/p>\n<p>Pr\u00e9sident du groupe d\u2019opposition des \u00e9lus de droite et de centre droit, Patrick Bobet salue \u00ab\u00a0une attitude plus positive, plus constructive, plus pragmatique\u00a0\u00bb qu\u2019une lev\u00e9e de boucliers\u00a0: \u00ab\u00a0L\u2019IA peut et doit \u00eatre un outil de modernisation du service public. Il faut conjuguer \u00e9thique, innovation et souverainet\u00e9.\u00a0\u00bb Il appelle de ses v\u0153ux la formation d\u2019un territoire pilote en la mati\u00e8re, fort de ses \u00e9coles d\u2019ing\u00e9nieurs et autres laboratoires. \u00ab\u00a0C\u2019est le pari que nous faisons.\u00a0\u00bb<\/p>\n","protected":false},"excerpt":{"rendered":"Des promesses en mati\u00e8re \u00ab\u00a0d\u2019efficience administrative, de relation aux citoyens, ou d\u2019action territoriale\u00a0\u00bb qui ne vont pas sans&hellip;\n","protected":false},"author":2,"featured_media":628842,"comment_status":"","ping_status":"","sticky":false,"template":"","format":"standard","meta":{"footnotes":""},"categories":[2817],"tags":[1111,11,1997,1777,674,1011,27,12,2219,25],"class_list":{"0":"post-628841","1":"post","2":"type-post","3":"status-publish","4":"format-standard","5":"has-post-thumbnail","7":"category-bordeaux","8":"tag-actu","9":"tag-actualites","10":"tag-bordeaux","11":"tag-eu","12":"tag-europe","13":"tag-fr","14":"tag-france","15":"tag-news","16":"tag-nouvelle-aquitaine","17":"tag-republique-francaise"},"share_on_mastodon":{"url":"https:\/\/pubeurope.com\/@fr\/115805914602201797","error":""},"_links":{"self":[{"href":"https:\/\/www.europesays.com\/fr\/wp-json\/wp\/v2\/posts\/628841","targetHints":{"allow":["GET"]}}],"collection":[{"href":"https:\/\/www.europesays.com\/fr\/wp-json\/wp\/v2\/posts"}],"about":[{"href":"https:\/\/www.europesays.com\/fr\/wp-json\/wp\/v2\/types\/post"}],"author":[{"embeddable":true,"href":"https:\/\/www.europesays.com\/fr\/wp-json\/wp\/v2\/users\/2"}],"replies":[{"embeddable":true,"href":"https:\/\/www.europesays.com\/fr\/wp-json\/wp\/v2\/comments?post=628841"}],"version-history":[{"count":0,"href":"https:\/\/www.europesays.com\/fr\/wp-json\/wp\/v2\/posts\/628841\/revisions"}],"wp:featuredmedia":[{"embeddable":true,"href":"https:\/\/www.europesays.com\/fr\/wp-json\/wp\/v2\/media\/628842"}],"wp:attachment":[{"href":"https:\/\/www.europesays.com\/fr\/wp-json\/wp\/v2\/media?parent=628841"}],"wp:term":[{"taxonomy":"category","embeddable":true,"href":"https:\/\/www.europesays.com\/fr\/wp-json\/wp\/v2\/categories?post=628841"},{"taxonomy":"post_tag","embeddable":true,"href":"https:\/\/www.europesays.com\/fr\/wp-json\/wp\/v2\/tags?post=628841"}],"curies":[{"name":"wp","href":"https:\/\/api.w.org\/{rel}","templated":true}]}}