{"id":628843,"date":"2025-12-30T01:26:15","date_gmt":"2025-12-30T01:26:15","guid":{"rendered":"https:\/\/www.europesays.com\/fr\/628843\/"},"modified":"2025-12-30T01:26:15","modified_gmt":"2025-12-30T01:26:15","slug":"ligne-a-grande-vitesse-toulouse-bordeaux-la-justice-rejette-de-nouveaux-recours-des-opposants","status":"publish","type":"post","link":"https:\/\/www.europesays.com\/fr\/628843\/","title":{"rendered":"Ligne \u00e0 grande vitesse Toulouse-Bordeaux\u00a0: la justice rejette de nouveaux recours des opposants"},"content":{"rendered":"<p>La justice administrative a rejet\u00e9, ce lundi, de nouveaux recours d\u2019opposants \u00e0 la <a href=\"https:\/\/www.letelegramme.fr\/france\/spanlgv-spanbordeaux-toulouse-en-2024-lespagne-en-2032-1978658.php\" target=\"_blank\" rel=\"noopener\">Ligne \u00e0 grande vitesse (LGV) Toulouse-Bordeaux<\/a>, estimant notamment \u00ab qu\u2019il n\u2019existe aucune solution alternative satisfaisante au projet \u00bb pour limiter les atteintes aux esp\u00e8ces prot\u00e9g\u00e9es au nord de la Ville rose.<\/p>\n<p>Dans un communiqu\u00e9, le tribunal administratif de Toulouse, qui a examin\u00e9 le dossier lors d\u2019une audience le 15 d\u00e9cembre, affirme que \u00ab le projet, par sa nature et compte tenu des int\u00e9r\u00eats \u00e9conomiques et sociaux en jeu (\u2026) ne nuit pas au maintien, dans un \u00e9tat de conservation favorable, des populations des esp\u00e8ces prot\u00e9g\u00e9es \u00bb. \u00ab Les alternatives propos\u00e9es par les requ\u00e9rants ne sont pas adapt\u00e9es aux besoins \u00e0 satisfaire et aux objectifs poursuivis. En outre, aucune de ces alternatives ne permettrait de porter une atteinte moindre \u00e0 la conservation des esp\u00e8ces prot\u00e9g\u00e9es \u00bb, poursuit le tribunal.<\/p>\n<p>\u00ab Il n\u2019y a pas eu d\u2019analyse s\u00e9rieuse \u00bb des arguments pr\u00e9sent\u00e9s<\/p>\n<p>Quant \u00e0 une \u00e9ventuelle irr\u00e9gularit\u00e9 de l\u2019\u00e9tude d\u2019impact, invoqu\u00e9e par les opposants, \u00ab le tribunal rel\u00e8ve que celle-ci, tant dans sa forme que dans son contenu, respecte les dispositions l\u00e9gislatives et r\u00e9glementaires applicables \u00bb.<\/p>\n<p>Les juges se sont content\u00e9s de r\u00e9p\u00e9ter les \u00e9l\u00e9ments de langage de la SNCF, \u00ab il n\u2019y a pas eu d\u2019analyse s\u00e9rieuse \u00bb des arguments pr\u00e9sent\u00e9s par les opposants, a regrett\u00e9 Jean Olivier, copr\u00e9sident des Amis de la Terre Midi-Pyr\u00e9n\u00e9es, pr\u00e9cisant que les associations oppos\u00e9es au projet sont \u00ab \u00e0 peu pr\u00e8s s\u00fbres \u00bb de faire appel de cette d\u00e9cision.<\/p>\n<p>La LGV Toulouse-Bordeaux, dont la construction a d\u00e9but\u00e9 en 2024 par des travaux en p\u00e9riph\u00e9rie des deux m\u00e9tropoles, doit notamment permettre de relier en 2032 Toulouse \u00e0 Paris en 3 heures et 10 minutes, gagnant plus d\u2019une heure sur le temps de voyage actuel. Un embranchement doit rallier Dax \u00e0 Bordeaux en 20 minutes de moins qu\u2019actuellement et, un jour, permettre des liaisons directes avec l\u2019Espagne.<\/p>\n<p>Selon ses partisans, la ligne devrait, en lib\u00e9rant des voies au fret ferroviaire, concurrencer les 10 000 camions de marchandises circulant quotidiennement entre l\u2019Espagne et Bordeaux. Concernant son financement, plusieurs collectivit\u00e9s du Sud-Ouest, inqui\u00e8tes d\u2019un \u00e9ventuel abandon du projet sur fond de rigueur budg\u00e9taire, ont appel\u00e9 fin juillet l\u2019\u00c9tat \u00e0 tenir \u00ab ses engagements \u00bb.<\/p>\n","protected":false},"excerpt":{"rendered":"La justice administrative a rejet\u00e9, ce lundi, de nouveaux recours d\u2019opposants \u00e0 la Ligne \u00e0 grande vitesse (LGV)&hellip;\n","protected":false},"author":2,"featured_media":628844,"comment_status":"","ping_status":"","sticky":false,"template":"","format":"standard","meta":{"footnotes":""},"categories":[2817],"tags":[1111,11,1997,765,1777,674,1011,27,12,2219,25,2215,2312,2803,6917,71018],"class_list":{"0":"post-628843","1":"post","2":"type-post","3":"status-publish","4":"format-standard","5":"has-post-thumbnail","7":"category-bordeaux","8":"tag-actu","9":"tag-actualites","10":"tag-bordeaux","11":"tag-en-continu","12":"tag-eu","13":"tag-europe","14":"tag-fr","15":"tag-france","16":"tag-news","17":"tag-nouvelle-aquitaine","18":"tag-republique-francaise","19":"tag-sncf","20":"tag-toulouse","21":"tag-transport","22":"tag-transport-ferroviaire","23":"tag-transports-et-mobilites"},"share_on_mastodon":{"url":"https:\/\/pubeurope.com\/@fr\/115805918555500476","error":""},"_links":{"self":[{"href":"https:\/\/www.europesays.com\/fr\/wp-json\/wp\/v2\/posts\/628843","targetHints":{"allow":["GET"]}}],"collection":[{"href":"https:\/\/www.europesays.com\/fr\/wp-json\/wp\/v2\/posts"}],"about":[{"href":"https:\/\/www.europesays.com\/fr\/wp-json\/wp\/v2\/types\/post"}],"author":[{"embeddable":true,"href":"https:\/\/www.europesays.com\/fr\/wp-json\/wp\/v2\/users\/2"}],"replies":[{"embeddable":true,"href":"https:\/\/www.europesays.com\/fr\/wp-json\/wp\/v2\/comments?post=628843"}],"version-history":[{"count":0,"href":"https:\/\/www.europesays.com\/fr\/wp-json\/wp\/v2\/posts\/628843\/revisions"}],"wp:featuredmedia":[{"embeddable":true,"href":"https:\/\/www.europesays.com\/fr\/wp-json\/wp\/v2\/media\/628844"}],"wp:attachment":[{"href":"https:\/\/www.europesays.com\/fr\/wp-json\/wp\/v2\/media?parent=628843"}],"wp:term":[{"taxonomy":"category","embeddable":true,"href":"https:\/\/www.europesays.com\/fr\/wp-json\/wp\/v2\/categories?post=628843"},{"taxonomy":"post_tag","embeddable":true,"href":"https:\/\/www.europesays.com\/fr\/wp-json\/wp\/v2\/tags?post=628843"}],"curies":[{"name":"wp","href":"https:\/\/api.w.org\/{rel}","templated":true}]}}