{"id":628847,"date":"2025-12-30T01:28:13","date_gmt":"2025-12-30T01:28:13","guid":{"rendered":"https:\/\/www.europesays.com\/fr\/628847\/"},"modified":"2025-12-30T01:28:13","modified_gmt":"2025-12-30T01:28:13","slug":"previsions-du-mardi-30-decembre-2025-2","status":"publish","type":"post","link":"https:\/\/www.europesays.com\/fr\/628847\/","title":{"rendered":"pr\u00e9visions du mardi 30 d\u00e9cembre 2025"},"content":{"rendered":"<p>Aujourd&rsquo;hui, c&rsquo;est sur un ciel tapiss\u00e9 de nuages qu&rsquo;il faudra compter \u00e0 Toulouse. Les valeurs afficheront entre 4 et 9\u00b0C. Le matin, la condensation de l&rsquo;humidit\u00e9 am\u00e8nera du brouillard. Les temp\u00e9ratures seront comprises entre 4\u00b0C et 8\u00b0C. Un vent d&rsquo;ouest rafra\u00eechira sensiblement l&rsquo;atmosph\u00e8re. Les valeurs s&rsquo;\u00e9chelonneront de 8 \u00e0 9\u00b0C sur l&rsquo;ensemble de l&rsquo;apr\u00e8s-midi. Le ciel va s&rsquo;\u00e9claircir au cours de la soir\u00e9e. Les temp\u00e9ratures s&rsquo;\u00e9chelonneront entre 6 et 7\u00b0C. Entre mardi et mercredi, la nuit sera claire.<\/p>\n<p>Demain, les Toulousains vont pouvoir b\u00e9n\u00e9ficier d&rsquo;un soleil magnifique. Une diminution du mercure est \u00e0 craindre. Les valeurs afficheront entre 0 et 6\u00b0C. Une l\u00e9g\u00e8re brise de nord-ouest sera ressentie par les habitants. Les Toulousains vont avoir froid le matin : les temp\u00e9ratures ne vont pas d\u00e9passer 4\u00b0C. Les valeurs iront de 0 \u00e0 4\u00b0C. Les temp\u00e9ratures vont grimper pendant l&rsquo;apr\u00e8s-midi de quelques degr\u00e9s. Les valeurs seront de 3\u00b0C au plus bas et de 6\u00b0C au plus haut. La ville aura quelques \u00e9claircies demain soir. Les temp\u00e9ratures seront comprises entre 2 et 3\u00b0C.<\/p>\n<p>Les jours s&rsquo;encha\u00eenent et se ressemblent. Un ciel ensoleill\u00e9, pour des temp\u00e9ratures de 0\u00b0C environ, est \u00e0 pr\u00e9voir.<\/p>\n<p><\/p>\n","protected":false},"excerpt":{"rendered":"Aujourd&rsquo;hui, c&rsquo;est sur un ciel tapiss\u00e9 de nuages qu&rsquo;il faudra compter \u00e0 Toulouse. Les valeurs afficheront entre 4&hellip;\n","protected":false},"author":2,"featured_media":628848,"comment_status":"","ping_status":"","sticky":false,"template":"","format":"standard","meta":{"footnotes":""},"categories":[2816],"tags":[1111,11,1777,674,1011,27,12,2680,2119,25,2312],"class_list":{"0":"post-628847","1":"post","2":"type-post","3":"status-publish","4":"format-standard","5":"has-post-thumbnail","7":"category-toulouse","8":"tag-actu","9":"tag-actualites","10":"tag-eu","11":"tag-europe","12":"tag-fr","13":"tag-france","14":"tag-news","15":"tag-occitanie","16":"tag-previsions-meteo","17":"tag-republique-francaise","18":"tag-toulouse"},"share_on_mastodon":{"url":"https:\/\/pubeurope.com\/@fr\/115805926370703788","error":""},"_links":{"self":[{"href":"https:\/\/www.europesays.com\/fr\/wp-json\/wp\/v2\/posts\/628847","targetHints":{"allow":["GET"]}}],"collection":[{"href":"https:\/\/www.europesays.com\/fr\/wp-json\/wp\/v2\/posts"}],"about":[{"href":"https:\/\/www.europesays.com\/fr\/wp-json\/wp\/v2\/types\/post"}],"author":[{"embeddable":true,"href":"https:\/\/www.europesays.com\/fr\/wp-json\/wp\/v2\/users\/2"}],"replies":[{"embeddable":true,"href":"https:\/\/www.europesays.com\/fr\/wp-json\/wp\/v2\/comments?post=628847"}],"version-history":[{"count":0,"href":"https:\/\/www.europesays.com\/fr\/wp-json\/wp\/v2\/posts\/628847\/revisions"}],"wp:featuredmedia":[{"embeddable":true,"href":"https:\/\/www.europesays.com\/fr\/wp-json\/wp\/v2\/media\/628848"}],"wp:attachment":[{"href":"https:\/\/www.europesays.com\/fr\/wp-json\/wp\/v2\/media?parent=628847"}],"wp:term":[{"taxonomy":"category","embeddable":true,"href":"https:\/\/www.europesays.com\/fr\/wp-json\/wp\/v2\/categories?post=628847"},{"taxonomy":"post_tag","embeddable":true,"href":"https:\/\/www.europesays.com\/fr\/wp-json\/wp\/v2\/tags?post=628847"}],"curies":[{"name":"wp","href":"https:\/\/api.w.org\/{rel}","templated":true}]}}