{"id":628849,"date":"2025-12-30T01:30:27","date_gmt":"2025-12-30T01:30:27","guid":{"rendered":"https:\/\/www.europesays.com\/fr\/628849\/"},"modified":"2025-12-30T01:30:27","modified_gmt":"2025-12-30T01:30:27","slug":"feminicide-une-femme-de-25-ans-tuee-dans-le-centre-de-lille-son-conjoint-mis-en-examen-et-ecroue","status":"publish","type":"post","link":"https:\/\/www.europesays.com\/fr\/628849\/","title":{"rendered":"F\u00e9minicide : une femme de 25\u00a0ans tu\u00e9e dans le centre de Lille, son conjoint mis en examen et \u00e9crou\u00e9"},"content":{"rendered":"<p class=\"paragraph text_align_left lp-f-body-02\">Le compagnon d\u2019une femme de 25 ans retrouv\u00e9e morte chez elle dans le centre de Lille (<a href=\"https:\/\/www.leparisien.fr\/nord-59\/\" target=\"_blank\" rel=\"noreferrer noopener\">Nord<\/a>) samedi a \u00e9t\u00e9 mis en examen ce lundi soir pour meurtre par conjoint et plac\u00e9 en d\u00e9tention provisoire, a annonc\u00e9 le parquet de Lille.<\/p>\n<p class=\"\">Le mis en cause \u00e2g\u00e9 de 29 ans avait alert\u00e9 la police, indiquant avoir port\u00e9 des coups de couteau \u00e0 la victime, a pr\u00e9cis\u00e9 le procureur de la R\u00e9publique adjoint de Lille, Antoine Berthelot.<\/p>\n<p class=\"\">Il avait \u00e9galement tent\u00e9 de mettre fin \u00e0 ses jours en consommant des m\u00e9dicaments, a pr\u00e9cis\u00e9 une source polici\u00e8re \u00e0 l\u2019AFP.<\/p>\n<p class=\"\">Le corps d\u00e9couvert dans la chambre de leur appartement pr\u00e9sentait de nombreuses plaies \u00e0 l\u2019arme blanche, et l\u2019homme avait un couteau \u00e0 la main \u00e0 l\u2019arriv\u00e9e des forces de l\u2019ordre, selon une autre source polici\u00e8re. \u00ab Aucun mobile possible n\u2019est pour l\u2019heure avanc\u00e9 par le suspect \u00bb, a ajout\u00e9 le parquet de Lille.<\/p>\n<p class=\"lp-card-podcast-highlighting__title  lp-f-subtitle-05\">[2\/2] Vengeance et colis pi\u00e9g\u00e9\u00a0: le myst\u00e9rieux attentat de La\u00a0Baule<\/p>\n<p><a class=\"lp-card-podcast-highlighting__call-to-action\" data-page-type=\"HP\" data-block-name=\"podcast-highlight\">\u00c9couter<\/a>\u00ab Impacts sur le cr\u00e2ne \u00bb<\/p>\n<p class=\"\">Il s\u2019agissait du second f\u00e9minicide la semaine de No\u00ebl \u00e0 Lille. Samedi, <a href=\"https:\/\/www.leparisien.fr\/faits-divers\/feminicide-a-lille-le-conjoint-de-la-victime-retrouvee-morte-le-jour-de-noel-mis-en-examen-pour-meurtre-28-12-2025-LOXFYZFFCREJZIE5ELZYDKFCBQ.php\" target=\"_blank\" rel=\"noreferrer noopener\">un autre homme de 36 ans avait d\u00e9j\u00e0 \u00e9t\u00e9 mis en examen<\/a> pour meurtre par conjoint et \u00e9crou\u00e9 apr\u00e8s la d\u00e9couverte jeudi de sa compagne morte dans leur appartement.<\/p>\n<p class=\"\">\u00ab L\u2019autopsie pratiqu\u00e9e sur le corps de la victime laisse appara\u00eetre plusieurs impacts sur le cr\u00e2ne qui permettent de conclure \u00e0 une origine traumatique du d\u00e9c\u00e8s \u00bb, intervenu la nuit de No\u00ebl, a pr\u00e9cis\u00e9 lundi le parquet de Lille.<\/p>\n<p class=\"\">Outre son compagnon, un ami de 47 ans, h\u00e9berg\u00e9 depuis plusieurs semaines au domicile du couple, a \u00e9t\u00e9 mis en examen pour non-assistance \u00e0 personne en danger, et plac\u00e9 sous contr\u00f4le judiciaire.<\/p>\n<p class=\"\">Chaque jour en France, <a href=\"https:\/\/www.leparisien.fr\/societe\/toutes-les-7-heures-en-france-plus-de-trois-femmes-sont-victimes-chaque-jour-de-feminicide-ou-tentative-de-feminicide-conjugal-20-11-2025-JBXR657JVJD25MRFWQOLNPWKJ4.php\" target=\"_blank\" rel=\"noreferrer noopener\">plus de trois femmes sont victimes de f\u00e9minicide<\/a> ou tentative de f\u00e9minicide conjugal, un chiffre en hausse sur un an, selon les donn\u00e9es de 2024 de la mission interminist\u00e9rielle pour la protection des femmes (Miprof) publi\u00e9es en novembre.<\/p>\n","protected":false},"excerpt":{"rendered":"Le compagnon d\u2019une femme de 25 ans retrouv\u00e9e morte chez elle dans le centre de Lille (Nord) samedi&hellip;\n","protected":false},"author":2,"featured_media":628850,"comment_status":"","ping_status":"","sticky":false,"template":"","format":"standard","meta":{"footnotes":""},"categories":[2815],"tags":[1111,11,459,1777,674,118,1011,27,811,1307,12,25],"class_list":{"0":"post-628849","1":"post","2":"type-post","3":"status-publish","4":"format-standard","5":"has-post-thumbnail","7":"category-lille","8":"tag-actu","9":"tag-actualites","10":"tag-departements-horsidfo","11":"tag-eu","12":"tag-europe","13":"tag-faits-divers","14":"tag-fr","15":"tag-france","16":"tag-hauts-de-france","17":"tag-lille","18":"tag-news","19":"tag-republique-francaise"},"share_on_mastodon":{"url":"https:\/\/pubeurope.com\/@fr\/115805934314237635","error":""},"_links":{"self":[{"href":"https:\/\/www.europesays.com\/fr\/wp-json\/wp\/v2\/posts\/628849","targetHints":{"allow":["GET"]}}],"collection":[{"href":"https:\/\/www.europesays.com\/fr\/wp-json\/wp\/v2\/posts"}],"about":[{"href":"https:\/\/www.europesays.com\/fr\/wp-json\/wp\/v2\/types\/post"}],"author":[{"embeddable":true,"href":"https:\/\/www.europesays.com\/fr\/wp-json\/wp\/v2\/users\/2"}],"replies":[{"embeddable":true,"href":"https:\/\/www.europesays.com\/fr\/wp-json\/wp\/v2\/comments?post=628849"}],"version-history":[{"count":0,"href":"https:\/\/www.europesays.com\/fr\/wp-json\/wp\/v2\/posts\/628849\/revisions"}],"wp:featuredmedia":[{"embeddable":true,"href":"https:\/\/www.europesays.com\/fr\/wp-json\/wp\/v2\/media\/628850"}],"wp:attachment":[{"href":"https:\/\/www.europesays.com\/fr\/wp-json\/wp\/v2\/media?parent=628849"}],"wp:term":[{"taxonomy":"category","embeddable":true,"href":"https:\/\/www.europesays.com\/fr\/wp-json\/wp\/v2\/categories?post=628849"},{"taxonomy":"post_tag","embeddable":true,"href":"https:\/\/www.europesays.com\/fr\/wp-json\/wp\/v2\/tags?post=628849"}],"curies":[{"name":"wp","href":"https:\/\/api.w.org\/{rel}","templated":true}]}}