{"id":628855,"date":"2025-12-30T01:33:17","date_gmt":"2025-12-30T01:33:17","guid":{"rendered":"https:\/\/www.europesays.com\/fr\/628855\/"},"modified":"2025-12-30T01:33:17","modified_gmt":"2025-12-30T01:33:17","slug":"quatorze-inventer-des-lieux-inclusifs-et-experimentaux","status":"publish","type":"post","link":"https:\/\/www.europesays.com\/fr\/628855\/","title":{"rendered":"Quatorze : inventer des lieux inclusifs et exp\u00e9rimentaux"},"content":{"rendered":"<p>Gros plan sur une autre fa\u00e7on de construire, plus inclusive\u2026 L\u2019association Quatorze r\u00e9unit des architectes favorisant la co-conception et la co-construction pour b\u00e2tir des solutions d\u2019h\u00e9bergements plus solidaires. Un exemple \u00e0 Lyon : La Yourte, dans le quartier Laennec, un lieu g\u00e9r\u00e9 au quotidien par Le Foyer Notre-Dame des sans-Abri.<\/p>\n<p>\u00c0 Lyon, au c\u0153ur du 8e arrondissement, une structure insolite a bouscul\u00e9 les codes de l\u2019<strong>h\u00e9bergement d\u2019urgence<\/strong> : \u00ab <strong>La Yourte, cocon solidaire<\/strong> \u00bb. Cocon \u00e9voque l\u2019enveloppe qui prot\u00e8ge. Mais cocon, c\u2019est aussi l\u2019id\u00e9e de <strong>coconstruire<\/strong>\u2026<\/p>\n<p>Derri\u00e8re ce cocon se cache <strong>Quatorze<\/strong>, une <strong><a href=\"https:\/\/quatorze.cc\/\" target=\"_blank\" rel=\"noreferrer noopener\">association d\u2019architectes<\/a><\/strong> qui refusent de voir le <strong>mal-logement<\/strong> comme une fatalit\u00e9 technique. Fond\u00e9e sur l\u2019id\u00e9e que l\u2019<strong>architecture<\/strong> est un <strong>outil de transformation sociale<\/strong>, <strong>Quatorze<\/strong> ne se contente pas de dessiner des plans. Elle pratique une architecture de l\u2019action. Pour ces professionnels, le <strong>droit \u00e0 la ville et \u00e0 la dignit\u00e9<\/strong> passe par la <strong>conception d\u2019espaces modulaires, durables et, surtout, inclusifs<\/strong>.<\/p>\n<p>Ecoutez aussi : <a href=\"https:\/\/www.lyondemain.fr\/friperie-villeurbanne-foyer-notre-dame-des-sans-abri\/\" target=\"_blank\" rel=\"noreferrer noopener\">Le Foyer Notre-Dame des Sans-Abri ouvre sa Friperie \u00e0 Gratte-Ciel<\/a><\/p>\n<p><img fetchpriority=\"high\" decoding=\"async\" width=\"1200\" height=\"675\" src=\"https:\/\/www.europesays.com\/fr\/wp-content\/uploads\/2025\/12\/Quatorze-interieur-de-la-Yourte.jpg\" alt=\"Quatorze\" class=\"wp-image-252906\"  \/><\/p>\n<p>Un processus de construction participatif<\/p>\n<p>Leur m\u00e9thode ? Le <strong>design social<\/strong>. Au lieu d\u2019imposer une solution pr\u00e9fabriqu\u00e9e, ils int\u00e8grent les <strong>futurs usagers<\/strong>, les <strong>b\u00e9n\u00e9voles<\/strong> et les <strong>acteurs locaux<\/strong> dans le <strong>processus de construction<\/strong>.<\/p>\n<p>Pour en savoir plus, nous avons rencontr\u00e9 <strong>Romain MINOD<\/strong>, directeur de l\u2019association <strong>Quatorze<\/strong>. \u00ab\u00a0On est <strong>architecte<\/strong>, on est <strong>urbaniste<\/strong>, docteur, <strong>docteur des villes<\/strong> parfois. On est <strong>m\u00e9diateur<\/strong>, <strong>constructeur<\/strong>, on est une <strong>communaut\u00e9 de praticiens<\/strong> qui se disent que l\u2019architecture \u00e7a va au-del\u00e0 de l\u2019objet construit. Elle se situe aussi dans les <strong>processus de construction<\/strong>. Du coup, ce qu\u2019on essaye de faire, c\u2019est de <strong>concevoir, co-construire et co-g\u00e9rer les projets<\/strong>\u2026\u00a0\u00bb<\/p>\n<p>Ecoutez le podcast<\/p>\n<p>Quatorze<\/p>\n<p><strong>La Yourte<\/strong> situ\u00e9e au <strong>173 rue Bataille<\/strong>, figure parmi les r\u00e9alisations de Quatorze. Avec sur le m\u00eame terrain des t<strong>iny-houses<\/strong> pour l\u2019<strong>h\u00e9bergement<\/strong> et une <strong>yourte<\/strong> pour r\u00e9unir tout le monde.<\/p>\n<p>Ecoutez aussi : <a href=\"https:\/\/www.lyondemain.fr\/la-yourte-cocon-solidaire\/\" target=\"_blank\" rel=\"noreferrer noopener\">Un march\u00e9 de No\u00ebl local et solidaire sous la Yourte<\/a><\/p>\n<p><img loading=\"lazy\" decoding=\"async\" width=\"1200\" height=\"675\" src=\"https:\/\/www.europesays.com\/fr\/wp-content\/uploads\/2025\/12\/Quatorze-Romain-Minod.jpg\" alt=\"Quatorze\" class=\"wp-image-252910\"  \/>Romain Minod<\/p>\n<p>Une yourte pour favoriser les rencontres<\/p>\n<p>\u00ab\u00a0La premi\u00e8re des choses qu\u2019on a pens\u00e9, c\u2019est comment est-ce qu\u2019on favorise une <strong>rencontre entre des publics b\u00e9n\u00e9ficiaires du <a href=\"https:\/\/www.fndsa.org\/\" target=\"_blank\" rel=\"noreferrer noopener\">Foyer Notre-Dame des Sans-Abri<\/a>, les gens du quartier<\/strong>. Et aussi des personnes comme vous et moi, qui auraient <strong>envie de vivre dans un lieu un peu partag\u00e9<\/strong>. Donc du coup, des ateliers de quartier ont eu lieu. On a ouvert la <strong>conception programmatique, architecturale<\/strong>, \u00e0 toutes les personnes qui s\u2019int\u00e9ressaient au projet\u00a0\u00bb.<\/p>\n<p>Mais <strong>Quatorze<\/strong> m\u00e8ne des projets sur tout le territoire hexagonal pour <strong>coconstruire des solutions d\u2019h\u00e9bergement<\/strong>.<\/p>\n<p>Ecoutez aussi : <a href=\"https:\/\/www.lyondemain.fr\/laveries-solidaires-la-cloche-etudiants\/\" target=\"_blank\" rel=\"noreferrer noopener\">La Cloche : des laveries solidaires pour \u00e9tudiant.e.s<\/a><\/p>\n<p><img loading=\"lazy\" decoding=\"async\" width=\"1200\" height=\"675\" src=\"https:\/\/www.europesays.com\/fr\/wp-content\/uploads\/2025\/12\/Quatorze-tiny-house.jpg\" alt=\"Quatorze\" class=\"wp-image-252908\"  \/><\/p>\n<p>Le pari de r\u00e9sorber les bidonvilles \u00e0 Montpellier d\u2019ici 10 ans<\/p>\n<p>\u00ab\u00a0Le premier projet qu\u2019on a mont\u00e9, c\u2019est \u00e0 <strong>Montreuil<\/strong>. Quelques <strong>tiny<\/strong>, des <strong>espaces communs<\/strong>. Et l\u00e0, <strong>des personnes \u00e9tudiantes et des personnes mineures non accompagn\u00e9es<\/strong> vivent en <strong>colocation<\/strong>. Avec un <strong>espace commun ext\u00e9rieur<\/strong> qui est plut\u00f4t activ\u00e9 pendant l\u2019\u00e9t\u00e9. On vient de signer avec l\u2019\u00c9tat, la M\u00e9tropole de Montpellier et la Fondation pour le Logement des D\u00e9favoris\u00e9s, une feuille de route pour <strong>r\u00e9sorber l\u2019ensemble des bidonvilles du territoire en 10 ans<\/strong>. Notre job en tant que coordinateur de ce programme l\u00e0, c\u2019est de <strong>mettre tout le monde autour de la table<\/strong> avec chacun ses savoir-faire. On est dans un endroit de <strong>coop\u00e9ration territoriale<\/strong>. C\u2019est pour \u00e7a qu\u2019on fait de l\u2019<strong>architecture sociale et solidaire<\/strong>. Notre m\u00e9tier c\u2019est moins dessiner les espaces, ce qui est tr\u00e8s facile finalement, que de mettre ensemble toutes les bonnes personnes autour de la table pour <strong>dessiner ensemble ces espaces<\/strong>\u00ab\u00a0.<\/p>\n<p>Cultiver des <strong>m\u00e9thodes agiles de transformation de la ville<\/strong>, d\u00e9velopper un <strong>immobilier solidaire<\/strong>, tels sont les objectifs de l\u2019<strong>association d\u2019architectes solidaires Quatorze. L<\/strong>\u2018antenne lyonnaise de <strong>Quatorze<\/strong> est install\u00e9e \u00e0 <strong>Komuna<\/strong> , \u00e0 <strong>Soucieu en Jarrest<\/strong>. Un <strong>espace de coworking<\/strong> herbergant <strong>artisan.es, artistes et ind\u00e9pendants.<\/strong><\/p>\n<p>Ecoutez aussi : <a href=\"https:\/\/www.lyondemain.fr\/alynea-samu-social-sans-abri-lyon\/\" target=\"_blank\" rel=\"noreferrer noopener\">Alynea Samu Social lance un appel aux dons<\/a><\/p>\n<p><img loading=\"lazy\" decoding=\"async\" width=\"1200\" height=\"675\" src=\"https:\/\/www.europesays.com\/fr\/wp-content\/uploads\/2025\/12\/Quatorze-la-Yourte.jpg\" alt=\"h\u00e9bergement inclusif\" class=\"wp-image-252907\"  \/><br \/>\nJ\u2019aime \u00e7a\u00a0:<\/p>\n<p>J\u2019aime chargement\u2026<\/p>\n<p><a class=\"sd-link-color\"\/><\/p>\n<p>\n\tArticles similaires\n<\/p>\n<p>\t\t\t\t<img decoding=\"async\" src=\"https:\/\/www.europesays.com\/fr\/wp-content\/uploads\/2025\/12\/7866158698e17e8ed633c05e8f8e7fe5d9e057ad78661c4dc34e413abb6b9f19.jpeg\" alt=\"G\u00e9rald Bouchon\"\/><\/p>\n<p>Pionnier des radios libres, passionn\u00e9 de radio, journaliste et dirigeant de m\u00e9dias \u00e9co-responsables..<\/p>\n","protected":false},"excerpt":{"rendered":"Gros plan sur une autre fa\u00e7on de construire, plus inclusive\u2026 L\u2019association Quatorze r\u00e9unit des architectes favorisant la co-conception&hellip;\n","protected":false},"author":2,"featured_media":628856,"comment_status":"","ping_status":"","sticky":false,"template":"","format":"standard","meta":{"footnotes":""},"categories":[1889],"tags":[1111,11,31324,2430,4476,1777,674,64514,1011,27,3909,73822,2428,12,73823,25,73824,73825],"class_list":{"0":"post-628855","1":"post","2":"type-post","3":"status-publish","4":"format-standard","5":"has-post-thumbnail","7":"category-lyon","8":"tag-actu","9":"tag-actualites","10":"tag-architecte","11":"tag-auvergne-rhone-alpes","12":"tag-construction","13":"tag-eu","14":"tag-europe","15":"tag-foyer-notre-dame-des-sans-abri","16":"tag-fr","17":"tag-france","18":"tag-hebergement-durgence","19":"tag-la-yourte","20":"tag-lyon","21":"tag-news","22":"tag-quatorze","23":"tag-republique-francaise","24":"tag-romain-minod","25":"tag-tiny-house"},"share_on_mastodon":{"url":"https:\/\/pubeurope.com\/@fr\/115805946393046157","error":""},"_links":{"self":[{"href":"https:\/\/www.europesays.com\/fr\/wp-json\/wp\/v2\/posts\/628855","targetHints":{"allow":["GET"]}}],"collection":[{"href":"https:\/\/www.europesays.com\/fr\/wp-json\/wp\/v2\/posts"}],"about":[{"href":"https:\/\/www.europesays.com\/fr\/wp-json\/wp\/v2\/types\/post"}],"author":[{"embeddable":true,"href":"https:\/\/www.europesays.com\/fr\/wp-json\/wp\/v2\/users\/2"}],"replies":[{"embeddable":true,"href":"https:\/\/www.europesays.com\/fr\/wp-json\/wp\/v2\/comments?post=628855"}],"version-history":[{"count":0,"href":"https:\/\/www.europesays.com\/fr\/wp-json\/wp\/v2\/posts\/628855\/revisions"}],"wp:featuredmedia":[{"embeddable":true,"href":"https:\/\/www.europesays.com\/fr\/wp-json\/wp\/v2\/media\/628856"}],"wp:attachment":[{"href":"https:\/\/www.europesays.com\/fr\/wp-json\/wp\/v2\/media?parent=628855"}],"wp:term":[{"taxonomy":"category","embeddable":true,"href":"https:\/\/www.europesays.com\/fr\/wp-json\/wp\/v2\/categories?post=628855"},{"taxonomy":"post_tag","embeddable":true,"href":"https:\/\/www.europesays.com\/fr\/wp-json\/wp\/v2\/tags?post=628855"}],"curies":[{"name":"wp","href":"https:\/\/api.w.org\/{rel}","templated":true}]}}