{"id":628857,"date":"2025-12-30T01:34:24","date_gmt":"2025-12-30T01:34:24","guid":{"rendered":"https:\/\/www.europesays.com\/fr\/628857\/"},"modified":"2025-12-30T01:34:24","modified_gmt":"2025-12-30T01:34:24","slug":"un-avion-volotea-lyon-poitiers-deroute-durgence-son-atterrissage-impossible","status":"publish","type":"post","link":"https:\/\/www.europesays.com\/fr\/628857\/","title":{"rendered":"Un avion Volotea Lyon-Poitiers d\u00e9rout\u00e9 d&rsquo;urgence, son atterrissage impossible"},"content":{"rendered":"<p>                    Par<br \/>\n        <strong><br \/>\n            <a href=\"https:\/\/actu.fr\/auteur\/anthony-soudani\" title=\"Consulter tous les articles de Anthony Soudani\" target=\"_blank\" rel=\"noopener\">Anthony Soudani<\/a><br \/>\n                    <\/strong><\/p>\n<p>        Publi\u00e9 le<\/p>\n<p>            29 d\u00e9c. 2025 \u00e0 18h07        <\/p>\n<p>L\u2019atterrissage a \u00e9t\u00e9 annul\u00e9 au dernier moment alors que l\u2019avion \u00e9tait <strong>\u00e0 120 m\u00e8tres du sol<\/strong>. Les passagers d\u2019un Airbus A320 de la compagnie a\u00e9rienne low cost <strong>Volotea<\/strong> ont v\u00e9cu une matin\u00e9e \u00e9trange ce lundi 29 d\u00e9cembre. Leur vol entre <a href=\"https:\/\/actu.fr\/lyon\/\" target=\"_blank\" rel=\"noopener\">Lyon<\/a> et Poitiers a \u00e9t\u00e9 d\u00e9rout\u00e9 d\u2019urgence vers l\u2019a\u00e9roport de Bordeaux, selon le site <a href=\"https:\/\/www.flightradar24.com\/data\/aircraft\/ec-nop#3db0fb86\" target=\"_blank\" rel=\"noopener\">Flightradar<\/a>.<\/p>\n<p>Le brouillard emp\u00eache l\u2019avion de se poser \u00e0 Poitiers<\/p>\n<p class=\" wall-content\">L\u2019appareil a d\u00e9coll\u00e9 peu apr\u00e8s 7h de l\u2019a\u00e9roport de Lyon Saint-Exup\u00e9ry. Jusque-l\u00e0, tout se passait bien. C\u2019est en arrivant au-dessus de l\u2019a\u00e9roport de Poitiers que les choses se sont g\u00e2t\u00e9es. Les pilotes ont connu de grandes difficult\u00e9s pour faire atterrir l\u2019avion \u00e0 cause du <strong>brouillard trop important au sol<\/strong>, selon les informations de <a href=\"https:\/\/www.lanouvellerepublique.fr\/vienne\/commune\/biard\/ligne-lyon-poitiers-un-airbus-deroute-vers-bordeaux-a-cause-du-brouillard-1767009433\" target=\"_blank\" rel=\"noopener\">La Nouvelle R\u00e9publique<\/a>.\u00a0\u00a0<\/p>\n<p class=\" wall-content\">Le vol a donc \u00e9t\u00e9 d\u00e9rout\u00e9 \u00e0 Bordeaux, o\u00f9 l\u2019appareil a atterri \u00e0 9h, soit une heure apr\u00e8s son arriv\u00e9e pr\u00e9vue \u00e0 l\u2019a\u00e9roport de Poitiers-Biard. Les passagers ont d\u00fb patienter pr\u00e8s d\u2019une heure et demie pour arriver \u00e0 destination, le temps que le brouillard se dissipe.<\/p>\n<p class=\" wall-content\">L\u2019avion a finalement pu red\u00e9coller et atterrir en toute s\u00e9curit\u00e9 \u00e0 11h45 \u00e0 Poitiers.<\/p>\n<p>Les passagers sans navette vers le Futuroscope<\/p>\n<p class=\" wall-content\">Clara, partie de chez elle avec toute sa famille vers 2 h du matin pour d\u00e9coller de Lyon \u00e0 7 h, a racont\u00e9 ses p\u00e9rip\u00e9ties \u00e0 nos confr\u00e8res : \u00ab On nous a tenus inform\u00e9s tout le long et le vol s\u2019est bien pass\u00e9, sans turbulences. <strong>On nous a parl\u00e9 d\u2019une navette entre l\u2019a\u00e9roport et le Futuroscope, mais en fait il n\u2019y en a pas<\/strong>, donc on commande des Uber \u00bb, regrettait-elle.<\/p>\n<p class=\" wall-content\">Le second vol de la matin\u00e9e qui devait relier Poitiers \u00e0 Lyon a de fait \u00e9t\u00e9 tr\u00e8s perturb\u00e9. Il a d\u00e9coll\u00e9 peu apr\u00e8s midi, pour une arriv\u00e9e pr\u00e9vue vers 13 h, soit pr\u00e8s de quatre heures de retard\u2026<\/p>\n<p class=\" wall-content\">Sollicit\u00e9e par actu Lyon, Volotea, qui a <a href=\"https:\/\/actu.fr\/auvergne-rhone-alpes\/lyon_69123\/aeroport-de-lyon-volotea-relance-une-ligne-abandonnee-l-aller-retour-a-moins-de-100-euros_63228968.html\" target=\"_blank\" rel=\"noopener\">r\u00e9cemment rouvert la ligne Lyon \u2013 Poitiers<\/a>, n\u2019a pas encore r\u00e9pondu \u00e0 nos questions.<\/p>\n<p class=\" wall-content\">Personnalisez votre actualit\u00e9 en ajoutant vos villes et m\u00e9dias en favori avec <a href=\"https:\/\/moncompte.actu.fr\" title=\"D\u00e9couvez Mon Actu\" rel=\"nofollow noopener\" data-trk=\"{&quot;cta&quot;:{&quot;action&quot;:&quot;https:\\\/\\\/moncompte.actu.fr&quot;,&quot;category&quot;:&quot;mon compte&quot;,&quot;from&quot;:&quot;article footer&quot;,&quot;name&quot;:&quot;Mon actu&quot;,&quot;type&quot;:&quot;cta&quot;}}\" target=\"_blank\">Mon Actu<\/a>.<\/p>\n","protected":false},"excerpt":{"rendered":"Par Anthony Soudani Publi\u00e9 le 29 d\u00e9c. 2025 \u00e0 18h07 L\u2019atterrissage a \u00e9t\u00e9 annul\u00e9 au dernier moment alors&hellip;\n","protected":false},"author":2,"featured_media":628858,"comment_status":"","ping_status":"","sticky":false,"template":"","format":"standard","meta":{"footnotes":""},"categories":[1889],"tags":[1111,11,12526,2430,1777,674,1011,27,2428,12,25,104,11756],"class_list":{"0":"post-628857","1":"post","2":"type-post","3":"status-publish","4":"format-standard","5":"has-post-thumbnail","7":"category-lyon","8":"tag-actu","9":"tag-actualites","10":"tag-aeroport-lyon-saint-exupery","11":"tag-auvergne-rhone-alpes","12":"tag-eu","13":"tag-europe","14":"tag-fr","15":"tag-france","16":"tag-lyon","17":"tag-news","18":"tag-republique-francaise","19":"tag-societe","20":"tag-volotea"},"share_on_mastodon":{"url":"https:\/\/pubeurope.com\/@fr\/115805949951784360","error":""},"_links":{"self":[{"href":"https:\/\/www.europesays.com\/fr\/wp-json\/wp\/v2\/posts\/628857","targetHints":{"allow":["GET"]}}],"collection":[{"href":"https:\/\/www.europesays.com\/fr\/wp-json\/wp\/v2\/posts"}],"about":[{"href":"https:\/\/www.europesays.com\/fr\/wp-json\/wp\/v2\/types\/post"}],"author":[{"embeddable":true,"href":"https:\/\/www.europesays.com\/fr\/wp-json\/wp\/v2\/users\/2"}],"replies":[{"embeddable":true,"href":"https:\/\/www.europesays.com\/fr\/wp-json\/wp\/v2\/comments?post=628857"}],"version-history":[{"count":0,"href":"https:\/\/www.europesays.com\/fr\/wp-json\/wp\/v2\/posts\/628857\/revisions"}],"wp:featuredmedia":[{"embeddable":true,"href":"https:\/\/www.europesays.com\/fr\/wp-json\/wp\/v2\/media\/628858"}],"wp:attachment":[{"href":"https:\/\/www.europesays.com\/fr\/wp-json\/wp\/v2\/media?parent=628857"}],"wp:term":[{"taxonomy":"category","embeddable":true,"href":"https:\/\/www.europesays.com\/fr\/wp-json\/wp\/v2\/categories?post=628857"},{"taxonomy":"post_tag","embeddable":true,"href":"https:\/\/www.europesays.com\/fr\/wp-json\/wp\/v2\/tags?post=628857"}],"curies":[{"name":"wp","href":"https:\/\/api.w.org\/{rel}","templated":true}]}}