{"id":628861,"date":"2025-12-30T01:37:17","date_gmt":"2025-12-30T01:37:17","guid":{"rendered":"https:\/\/www.europesays.com\/fr\/628861\/"},"modified":"2025-12-30T01:37:17","modified_gmt":"2025-12-30T01:37:17","slug":"a-paris-la-gare-de-lyon-partiellement-evacuee","status":"publish","type":"post","link":"https:\/\/www.europesays.com\/fr\/628861\/","title":{"rendered":"\u00e0 Paris, la gare de Lyon partiellement \u00e9vacu\u00e9e"},"content":{"rendered":"<p>Le hall 1 de la gare de Lyon \u00e0 Paris a \u00e9t\u00e9 \u00e9vacu\u00e9 ce lundi 29\u00a0d\u00e9cembre 2025 apr\u00e8s l\u2019explosion d\u2019une bouteille de gaz comprim\u00e9 dans un bagage, provoquant des perturbations mineures du trafic, a annonc\u00e9 \u00e0 l\u2019AFP SNCF Gares et Connexions, confirmant une information du <a target=\"_blank\" href=\"https:\/\/www.leparisien.fr\/faits-divers\/la-gare-de-lyon-partiellement-evacuee-apres-lexplosion-dune-machine-a-soda-dans-un-bagage-29-12-2025-5R27XZX5BJB4DPYCQTDHMMQXGY.php\" rel=\"noopener\">Parisien<\/a>. \u00ab\u00a0Il n\u2019y a pas eu de d\u00e9g\u00e2ts, pas de bless\u00e9s et nous avons tr\u00e8s vite identifi\u00e9 d\u2019o\u00f9 cela venait\u00a0\u00bb, explique la filiale de la SNCF.<\/p>\n<p>Les services de la SNCF ont \u00e9tabli un p\u00e9rim\u00e8tre de s\u00e9curit\u00e9 autour du bagage et ont fait intervenir une \u00e9quipe de d\u00e9mineurs apr\u00e8s l\u2019explosion de cette bonbonne \u00ab\u00a0utilis\u00e9e pour la cuisine\u00a0\u00bb, ajoute le groupe. Selon Le Parisien, il s\u2019agit d\u2019une machine \u00e0 soda, permettant de gaz\u00e9ifier les boissons.<\/p>\n<p>Des retards \u00ab\u00a0de 15 ou 20 minutes\u00a0\u00bb<\/p>\n<p>Plusieurs m\u00e9dias, dont Le Parisien, ont \u00e9voqu\u00e9 un \u00ab\u00a0mouvement de foule\u00a0\u00bb et des \u00ab\u00a0bousculades\u00a0\u00bb provoqu\u00e9es par l\u2019incident, une information que Gares et Connexions a d\u00e9mentie aupr\u00e8s de l\u2019AFP, pr\u00e9cisant qu\u2019il n\u2019y avait eu \u00ab\u00a0aucun bless\u00e9\u00a0\u00bb parmi les usagers. \u00ab\u00a0Nous avons d\u00e9clench\u00e9 la proc\u00e9dure habituelle, il n\u2019y a pas eu de mouvement de foule ou de panique\u00a0\u00bb, a assur\u00e9 la filiale.<\/p>\n<p>L\u2019incident a dur\u00e9 moins d\u2019une heure, entre 11\u00a0h\u00a030 et 12\u00a0h\u00a030, ne provoquant que des \u00ab\u00a0perturbations mineures\u00a0\u00bb sur le trafic, avec des retards de \u00ab\u00a015 ou 20 minutes au maximum\u00a0\u00bb, affirme Gares et Connexions.<\/p>\n","protected":false},"excerpt":{"rendered":"Le hall 1 de la gare de Lyon \u00e0 Paris a \u00e9t\u00e9 \u00e9vacu\u00e9 ce lundi 29\u00a0d\u00e9cembre 2025 apr\u00e8s&hellip;\n","protected":false},"author":2,"featured_media":628862,"comment_status":"","ping_status":"","sticky":false,"template":"","format":"standard","meta":{"footnotes":""},"categories":[1888],"tags":[328,3085,1111,1928,11,1927,1777,674,274,1011,27,329,12,1926,626,1925,25,926],"class_list":{"0":"post-628861","1":"post","2":"type-post","3":"status-publish","4":"format-standard","5":"has-post-thumbnail","7":"category-paris","8":"tag-a-la-une","9":"tag-accidents","10":"tag-actu","11":"tag-actu-paris","12":"tag-actualites","13":"tag-actualites-paris","14":"tag-eu","15":"tag-europe","16":"tag-faits-divers-justice","17":"tag-fr","18":"tag-france","19":"tag-france-monde","20":"tag-news","21":"tag-news-paris","22":"tag-paris","23":"tag-paris-news","24":"tag-republique-francaise","25":"tag-train"},"share_on_mastodon":{"url":"https:\/\/pubeurope.com\/@fr\/115805961790163626","error":""},"_links":{"self":[{"href":"https:\/\/www.europesays.com\/fr\/wp-json\/wp\/v2\/posts\/628861","targetHints":{"allow":["GET"]}}],"collection":[{"href":"https:\/\/www.europesays.com\/fr\/wp-json\/wp\/v2\/posts"}],"about":[{"href":"https:\/\/www.europesays.com\/fr\/wp-json\/wp\/v2\/types\/post"}],"author":[{"embeddable":true,"href":"https:\/\/www.europesays.com\/fr\/wp-json\/wp\/v2\/users\/2"}],"replies":[{"embeddable":true,"href":"https:\/\/www.europesays.com\/fr\/wp-json\/wp\/v2\/comments?post=628861"}],"version-history":[{"count":0,"href":"https:\/\/www.europesays.com\/fr\/wp-json\/wp\/v2\/posts\/628861\/revisions"}],"wp:featuredmedia":[{"embeddable":true,"href":"https:\/\/www.europesays.com\/fr\/wp-json\/wp\/v2\/media\/628862"}],"wp:attachment":[{"href":"https:\/\/www.europesays.com\/fr\/wp-json\/wp\/v2\/media?parent=628861"}],"wp:term":[{"taxonomy":"category","embeddable":true,"href":"https:\/\/www.europesays.com\/fr\/wp-json\/wp\/v2\/categories?post=628861"},{"taxonomy":"post_tag","embeddable":true,"href":"https:\/\/www.europesays.com\/fr\/wp-json\/wp\/v2\/tags?post=628861"}],"curies":[{"name":"wp","href":"https:\/\/api.w.org\/{rel}","templated":true}]}}