{"id":628873,"date":"2025-12-30T01:43:15","date_gmt":"2025-12-30T01:43:15","guid":{"rendered":"https:\/\/www.europesays.com\/fr\/628873\/"},"modified":"2025-12-30T01:43:15","modified_gmt":"2025-12-30T01:43:15","slug":"volodymyr-zelensky-annonce-laval-des-garanties-de-securite-americaines","status":"publish","type":"post","link":"https:\/\/www.europesays.com\/fr\/628873\/","title":{"rendered":"Volodymyr Zelensky annonce l\u2019aval des garanties de s\u00e9curit\u00e9 am\u00e9ricaines"},"content":{"rendered":"<p>&#13;<br \/>\n                        Ukraine : Volodymyr Zelensky annonce l\u2019aval des garanties de s\u00e9curit\u00e9 am\u00e9ricaines&#13;\n                    <\/p>\n<p style=\"text-align:\">Le pr\u00e9sident ukrainien Volodymyr Zelensky a d\u00e9clar\u00e9 que les garanties de s\u00e9curit\u00e9 am\u00e9ricaines pour l&rsquo;Ukraine avaient pleinement \u00e9t\u00e9 approuv\u00e9es, a rapport\u00e9 lundi 29 d\u00e9cembre l&rsquo;agence de presse Interfax-Ukraine.<\/p>\n<p><a href=\"https:\/\/lecourrier.vn\/nouveaux-pourparlers-americano-ukrainiens-a-berlin\/1297483.html\" title=\"Nouveaux pourparlers am\u00e9ricano-ukrainiens \u00e0 Berlin\" target=\"_blank\" rel=\"noopener\">&gt;&gt; Nouveaux pourparlers am\u00e9ricano-ukrainiens \u00e0 Berlin<\/a><\/p>\n<p><a href=\"https:\/\/lecourrier.vn\/les-etats-unis-nont-pas-encore-communique-a-la-russie-les-propositions-discutees-avec-lukraine\/1297545.html\" title=\"Les \u00c9tats-Unis n&#039;ont pas encore communiqu\u00e9 \u00e0 la Russie les propositions discut\u00e9es avec l&#039;Ukraine\" target=\"_blank\" rel=\"noopener\">&gt;&gt; Les \u00c9tats-Unis n&rsquo;ont pas encore communiqu\u00e9 \u00e0 la Russie les propositions discut\u00e9es avec l&rsquo;Ukraine<\/a><\/p>\n<p><a href=\"https:\/\/lecourrier.vn\/negociation-sur-lukraine-washington-et-kiev-saluent-des-echanges-productifs-en-floride\/1307909.html\" title=\"N\u00e9gociation sur l&#039;Ukraine : Washington et Kiev saluent des \u00e9changes &lt;i&gt;&quot;productifs&quot;&lt;\/i&gt; en Floride\" target=\"_blank\" rel=\"noopener\">&gt;&gt; N\u00e9gociation sur l&rsquo;Ukraine : Washington et Kiev saluent des \u00e9changes \u00ab\u00a0productifs\u00a0\u00bb en Floride<\/a><\/p>\n<tr>\n<td class=\"pic\"><img decoding=\"async\" class=\"lazyload\" src=\"https:\/\/www.europesays.com\/fr\/wp-content\/uploads\/2025\/12\/214932-zelensky.jpg\" alt=\"\"\/><\/td>\n<\/tr>\n<tr>\n<td class=\"caption\">Le pr\u00e9sident ukrainien Volodymyr Zelensky (gauche) et le pr\u00e9sident am\u00e9ricain Donald Trump \u00e0 Mar-a-Lago, \u00e0 Palm Beach (Floride), aux \u00c9tats-Unis, le 28 d\u00e9cembre.\u00a0<\/td>\n<\/tr>\n<tr align=\"right\">\n<td class=\"author\">Photo : AFP\/VNA\/CVN<\/td>\n<\/tr>\n<p style=\"text-align:left\">S&rsquo;exprimant devant les journalistes apr\u00e8s son entretien avec le pr\u00e9sident am\u00e9ricain Donald Trump, M. Zelensky a indiqu\u00e9 qu&rsquo;un plan de paix en 20 points, qui fait partie de l&rsquo;accord de paix propos\u00e9, avait \u00e9t\u00e9 approuv\u00e9 \u00e0 90%, et que les garanties de s\u00e9curit\u00e9 trilat\u00e9rales impliquant les \u00c9tats-Unis, l&rsquo;Europe et l&rsquo;Ukraine \u00e9taient \u00ab\u00a0presque approuv\u00e9es\u00a0\u00bb.<\/p>\n<p style=\"text-align:left\">Selon M. Zelensky, les \u00e9quipes ukrainienne et am\u00e9ricaine se rencontreront en janvier pour finaliser les questions abord\u00e9es pendant son entretien avec M. Trump.<\/p>\n<p style=\"text-align:left\">Il a confirm\u00e9 qu&rsquo;un projet de cadre de paix pour mettre fin au conflit avec la Russie incluait des garanties de s\u00e9curit\u00e9 am\u00e9ricaines pour l&rsquo;Ukraine durant 15 ans, avec une possibilit\u00e9 de prolongation.<\/p>\n<p style=\"text-align:left\">Il a \u00e9galement indiqu\u00e9 que l&rsquo;Ukraine annulerait la loi martiale uniquement apr\u00e8s avoir re\u00e7u des engagements s\u00e9curitaires de la part de ses partenaires.<\/p>\n<p style=\"text-align:left\">La pr\u00e9sence de troupes internationales en Ukraine est une condition n\u00e9cessaire pour les garanties de s\u00e9curit\u00e9, a not\u00e9 M. Zelensky. Il a soulign\u00e9 que la pr\u00e9sence de troupes internationales serait un \u00e9l\u00e9ment crucial de ces garanties et que les Parlements des pays partenaires devaient la ratifier.<\/p>\n<p style=\"text-align:right\"><b>Xinhua\/VNA\/CVN<\/b><\/p>\n","protected":false},"excerpt":{"rendered":"&#13; Ukraine : Volodymyr Zelensky annonce l\u2019aval des garanties de s\u00e9curit\u00e9 am\u00e9ricaines&#13; Le pr\u00e9sident ukrainien Volodymyr Zelensky a&hellip;\n","protected":false},"author":2,"featured_media":628874,"comment_status":"","ping_status":"","sticky":false,"template":"","format":"standard","meta":{"footnotes":""},"categories":[1589],"tags":[11,73,1866,46653,12,656,220,1864,1865,1863,308,6746],"class_list":{"0":"post-628873","1":"post","2":"type-post","3":"status-publish","4":"format-standard","5":"has-post-thumbnail","7":"category-etats-unis","8":"tag-actualites","9":"tag-etats-unis","10":"tag-etats-unis-damerique","11":"tag-garanties","12":"tag-news","13":"tag-securite","14":"tag-ukraine","15":"tag-united-states","16":"tag-united-states-of-america","17":"tag-us","18":"tag-usa","19":"tag-zelensky"},"share_on_mastodon":{"url":"https:\/\/pubeurope.com\/@fr\/115805985436417746","error":""},"_links":{"self":[{"href":"https:\/\/www.europesays.com\/fr\/wp-json\/wp\/v2\/posts\/628873","targetHints":{"allow":["GET"]}}],"collection":[{"href":"https:\/\/www.europesays.com\/fr\/wp-json\/wp\/v2\/posts"}],"about":[{"href":"https:\/\/www.europesays.com\/fr\/wp-json\/wp\/v2\/types\/post"}],"author":[{"embeddable":true,"href":"https:\/\/www.europesays.com\/fr\/wp-json\/wp\/v2\/users\/2"}],"replies":[{"embeddable":true,"href":"https:\/\/www.europesays.com\/fr\/wp-json\/wp\/v2\/comments?post=628873"}],"version-history":[{"count":0,"href":"https:\/\/www.europesays.com\/fr\/wp-json\/wp\/v2\/posts\/628873\/revisions"}],"wp:featuredmedia":[{"embeddable":true,"href":"https:\/\/www.europesays.com\/fr\/wp-json\/wp\/v2\/media\/628874"}],"wp:attachment":[{"href":"https:\/\/www.europesays.com\/fr\/wp-json\/wp\/v2\/media?parent=628873"}],"wp:term":[{"taxonomy":"category","embeddable":true,"href":"https:\/\/www.europesays.com\/fr\/wp-json\/wp\/v2\/categories?post=628873"},{"taxonomy":"post_tag","embeddable":true,"href":"https:\/\/www.europesays.com\/fr\/wp-json\/wp\/v2\/tags?post=628873"}],"curies":[{"name":"wp","href":"https:\/\/api.w.org\/{rel}","templated":true}]}}