{"id":628880,"date":"2025-12-30T01:47:19","date_gmt":"2025-12-30T01:47:19","guid":{"rendered":"https:\/\/www.europesays.com\/fr\/628880\/"},"modified":"2025-12-30T01:47:19","modified_gmt":"2025-12-30T01:47:19","slug":"une-fusillade-au-cinema-romane-de-vance-a-eu-la-peur-de-sa-vie-il-me-faudra-du-temps-pour-digerer-cela-2","status":"publish","type":"post","link":"https:\/\/www.europesays.com\/fr\/628880\/","title":{"rendered":"Une fusillade au cin\u00e9ma: Romane, de Vance, a eu la peur de sa vie: \u00ab\u00a0Il me faudra du temps pour dig\u00e9rer cela\u00a0\u00bb"},"content":{"rendered":"<p class=\"ap-StoryElement ap-StoryElement--mb ap-StoryText\">La cause ? Une bagarre de rue qui a d\u00e9g\u00e9n\u00e9r\u00e9. Deux des bellig\u00e9rants sont revenus avec des armes \u00e0 feu et plusieurs coups ont \u00e9t\u00e9 tir\u00e9s.<\/p>\n<p class=\"ap-StoryElement ap-StoryElement--mb ap-StoryText\">\u00ab\u00a0Il \u00e9tait environ 18 h 30, narre Romane, dont le paternel, Vincent, a autrefois port\u00e9 les couleurs de l&rsquo;Excelsior Virton et du Sporting d&rsquo;Athus. Nous \u00e9tions d\u00e9j\u00e0 install\u00e9s dans la salle, mais avant que la s\u00e9ance ne d\u00e9bute, je suis all\u00e9e, en compagnie d&rsquo;Alex, un des enfants de ma famille d&rsquo;accueil, chercher du pop-corn et des boissons. Nous attendions dans la file, pas loin des vitres du hall d&rsquo;entr\u00e9e quand j&rsquo;ai entendu un bruit. J&rsquo;ai vu qu&rsquo;une des vitres avait \u00e9clat\u00e9, puis j&rsquo;ai vu appara\u00eetre d&rsquo;autres impacts. C&rsquo;est l\u00e0 que j&rsquo;ai compris que quelqu&rsquo;un tirait dehors sans savoir de quoi il s&rsquo;agissait pr\u00e9cis\u00e9ment. Tout le monde s&rsquo;est couch\u00e9 au sol, cherchant \u00e0 se cacher derri\u00e8res les armoires et les comptoirs. On pensait tous \u00e0 une tentative d&rsquo;attentat. J&rsquo;ai \u00e9t\u00e9 prise d&rsquo;une v\u00e9ritable crise de panique. Heureusement, Alex a tout fait pour me calmer. Je ne sais pas combien de temps cela a dur\u00e9. Les coups de feu se sont arr\u00eat\u00e9s ensuite, mais on ne savait pas trop si c&rsquo;\u00e9tait fini, si des agents de s\u00e9curit\u00e9 \u00e9taient intervenus. Puis soudain, une dame est arriv\u00e9e en courant et en criant qu&rsquo;un tireur s&rsquo;\u00e9tait introduit dans le cin\u00e9ma. Provoquant ainsi un nouveau mouvement de panique. J&rsquo;\u00e9tais tr\u00e8s expos\u00e9e \u00e0 ce moment-l\u00e0 et j&rsquo;ai bien cru que ma derni\u00e8re heure \u00e9tait venue. Il y avait beaucoup d&rsquo;enfants, nous les avons aid\u00e9s \u00e0 passer au-dessus du comptoir avant de nous engouffrer dans un long couloir. Quelques jours plus t\u00f4t, j&rsquo;avais regard\u00e9 un reportage sur le drame du Bataclan et j&rsquo;ai vraiment cru qu&rsquo;on allait revivre un \u00e9pisode du m\u00eame genre. J&rsquo;ai fait une autre crise de panique avant qu&rsquo;on emprunte la sortie de secours au bout de laquelle, heureusement, la police nous attendait.\u00a0\u00bb<\/p>\n<p class=\"ap-StoryElement ap-StoryElement--mb ap-StoryText\">Plus de peur que de mal donc. Sauf pour une adolescente de l&rsquo;endroit, qui a \u00e9t\u00e9 bless\u00e9e par une balle perdue alors qu&rsquo;elle \u00e9tait occup\u00e9e \u00e0 acheter ses tickets d&rsquo;entr\u00e9e.<\/p>\n<p>Un autre drame dimanche<\/p>\n<p class=\"ap-StoryElement ap-StoryElement--mb ap-StoryText\">\u00ab\u00a0Aux derni\u00e8res nouvelles, elle \u00e9tait encore \u00e0 l&rsquo;h\u00f4pital\u00a0\u00bb, poursuit Romane. Les m\u00e9dias locaux \u00e9voquaient, pour leur part, l&rsquo;arrestation de deux suspects apr\u00e8s cet \u00e9pisode, un de plus pour alimenter la pol\u00e9mique li\u00e9e \u00e0 la d\u00e9tention d&rsquo;armes et que la jeune Gaumaise n&rsquo;est pas pr\u00e8s d&rsquo;oublier.\u00a0\u00bbD&rsquo;autant que ce dernier dimanche, un autre drame du genre s&rsquo;est jou\u00e9 devant une taverne de la ville, qui a fait un mort et un bless\u00e9, dit-elle. Avant que \u00e7a ne m&rsquo;arrive, l&rsquo;id\u00e9e de me trouver ainsi en danger ne m&rsquo;avait jamais v\u00e9ritablement travers\u00e9 l&rsquo;esprit. Depuis lors, je ne dis pas que je suis traumatis\u00e9e, mais je ne suis pas totalement sereine non plus. Nous sommes all\u00e9s \u00e0 l&rsquo;\u00e9glise pour No\u00ebl, il y avait beaucoup de monde et je ne me sentais pas trop \u00e0 l&rsquo;aise. Pareil quand nous sommes retourn\u00e9s au centre commercial de Victor Valley ce week-end (NDLR: l\u00e0 o\u00f9 est implant\u00e9 le cin\u00e9ma).Il me faudra sans doute quelque temps pour dig\u00e9rer tout cela. Heureusement, tout se passe merveilleusement bien pour le reste.\u00a0\u00bb<\/p>\n","protected":false},"excerpt":{"rendered":"La cause ? Une bagarre de rue qui a d\u00e9g\u00e9n\u00e9r\u00e9. Deux des bellig\u00e9rants sont revenus avec des armes&hellip;\n","protected":false},"author":2,"featured_media":628549,"comment_status":"","ping_status":"","sticky":false,"template":"","format":"standard","meta":{"footnotes":""},"categories":[1586],"tags":[11,1777,674,1779,118,1011,27,12,25,1778,364],"class_list":{"0":"post-628880","1":"post","2":"type-post","3":"status-publish","4":"format-standard","5":"has-post-thumbnail","7":"category-europe","8":"tag-actualites","9":"tag-eu","10":"tag-europe","11":"tag-european-union","12":"tag-faits-divers","13":"tag-fr","14":"tag-france","15":"tag-news","16":"tag-republique-francaise","17":"tag-ue","18":"tag-union-europeenne"},"share_on_mastodon":{"url":"https:\/\/pubeurope.com\/@fr\/115806001112006056","error":""},"_links":{"self":[{"href":"https:\/\/www.europesays.com\/fr\/wp-json\/wp\/v2\/posts\/628880","targetHints":{"allow":["GET"]}}],"collection":[{"href":"https:\/\/www.europesays.com\/fr\/wp-json\/wp\/v2\/posts"}],"about":[{"href":"https:\/\/www.europesays.com\/fr\/wp-json\/wp\/v2\/types\/post"}],"author":[{"embeddable":true,"href":"https:\/\/www.europesays.com\/fr\/wp-json\/wp\/v2\/users\/2"}],"replies":[{"embeddable":true,"href":"https:\/\/www.europesays.com\/fr\/wp-json\/wp\/v2\/comments?post=628880"}],"version-history":[{"count":0,"href":"https:\/\/www.europesays.com\/fr\/wp-json\/wp\/v2\/posts\/628880\/revisions"}],"wp:featuredmedia":[{"embeddable":true,"href":"https:\/\/www.europesays.com\/fr\/wp-json\/wp\/v2\/media\/628549"}],"wp:attachment":[{"href":"https:\/\/www.europesays.com\/fr\/wp-json\/wp\/v2\/media?parent=628880"}],"wp:term":[{"taxonomy":"category","embeddable":true,"href":"https:\/\/www.europesays.com\/fr\/wp-json\/wp\/v2\/categories?post=628880"},{"taxonomy":"post_tag","embeddable":true,"href":"https:\/\/www.europesays.com\/fr\/wp-json\/wp\/v2\/tags?post=628880"}],"curies":[{"name":"wp","href":"https:\/\/api.w.org\/{rel}","templated":true}]}}