{"id":628891,"date":"2025-12-30T01:58:10","date_gmt":"2025-12-30T01:58:10","guid":{"rendered":"https:\/\/www.europesays.com\/fr\/628891\/"},"modified":"2025-12-30T01:58:10","modified_gmt":"2025-12-30T01:58:10","slug":"cyclisme-cyclo-cross-saison-terminee-pour-laurens-sweeck-apres-sa-lourde-chute-a-loenhout","status":"publish","type":"post","link":"https:\/\/www.europesays.com\/fr\/628891\/","title":{"rendered":"Cyclisme. Cyclo-cross &#8211; Saison termin\u00e9e pour Laurens Sweeck apr\u00e8s sa lourde chute \u00e0 Loenhout"},"content":{"rendered":"<p>La saison de cyclo-cross de <strong>Laurens Sweeck<\/strong> se termine sur une note dramatique. Le Belge a lourdement chut\u00e9 lundi lors du\u00a0<strong><a href=\"https:\/\/www.cyclismactu.net\/..\/news-cyclo-cross-x2o-trofee-mathieu-van-der-poel-s-impose-loenhout-journee-noire-pour-van-aert-91386.html\" target=\"_blank\" rel=\"noopener\">X2O Badkamers Trofee<\/a><\/strong>\u00a0de Loenhout et a \u00e9t\u00e9 transport\u00e9 \u00e0 l\u2019h\u00f4pital. Le verdict est s\u00e9v\u00e8re : <strong>Sweeck <\/strong>souffre d\u2019une luxation et ne reviendra pas en comp\u00e9tition cet hiver. L\u2019incident n\u2019a pas beaucoup \u00e9t\u00e9 \u00e9voqu\u00e9, \u00e9clips\u00e9 par l\u2019\u00e9pisode du premier tour impliquant le champion du monde<strong> Mathieu van der Poel<\/strong> et les deux crevaisons de <strong>Wout van Aert<\/strong>, mais <strong>Sweeck <\/strong>est tomb\u00e9 lourdement apr\u00e8s environ quarante minutes de course.<\/p>\n<p>Vid\u00e9o &#8211; Le r\u00e9sum\u00e9 de cette manche du X2O Trofee de Loenhout Lire la suite de l&rsquo;article&#13;<\/p>\n<p>\u00a0<\/p>\n<p>&#13;<br \/>\nCoup de massue pour Sweeck&#13;<\/p>\n<p><strong>Sweeck <\/strong>a perdu le contr\u00f4le de son v\u00e9lo dans un virage et est all\u00e9 au sol. Le coureur de <strong>Crelan-Corendon <\/strong>est rest\u00e9 par terre, s\u2019est tenu le bras gauche et a abandonn\u00e9 quelques minutes plus tard. Le Belge de 32 ans a imm\u00e9diatement \u00e9t\u00e9 transport\u00e9 \u00e0 l\u2019h\u00f4pital. \u00ab\u00a0La saison se termine sur une note dramatique pour Laurens Sweeck\u00a0\u00bb, a communiqu\u00e9 son \u00e9quipe sur Instagram. \u00ab\u00a0Les examens ont r\u00e9v\u00e9l\u00e9 une luxation acromio-claviculaire de haut grade (luxation de l\u2019articulation entre la clavicule et l\u2019\u00e9paule). Laurens sera op\u00e9r\u00e9 demain (mardi, ndlr) par le docteur Tom Claes \u00e0 Herentals. Cette blessure met malheureusement fin \u00e0 sa saison de mani\u00e8re anticip\u00e9e. C\u2019est \u00e9videmment tr\u00e8s regrettable pour le leader actuel du classement de la Coupe du monde. Crelan-Corendon lui souhaite un prompt r\u00e9tablissement et une r\u00e9\u00e9ducation r\u00e9ussie.\u00a0\u00bb<\/p>\n<p>&#13;<\/p>\n<p>Pour <strong>Sweeck<\/strong>, c\u2019est un vrai coup dur. Le Belge est actuellement en t\u00eate du classement g\u00e9n\u00e9ral de la <strong>Coupe du monde\u00a0<\/strong>et en avait fait un objectif majeur&#8230; Avec <strong>Thibau Nys<\/strong> et<strong> Michael Vanthourenhout<\/strong> \u00e0 ses trousses, avec seulement 3 et 19 points de retard, ses chances de victoire sont d\u00e9sormais r\u00e9duites \u00e0 n\u00e9an.<\/p>\n","protected":false},"excerpt":{"rendered":"La saison de cyclo-cross de Laurens Sweeck se termine sur une note dramatique. Le Belge a lourdement chut\u00e9&hellip;\n","protected":false},"author":2,"featured_media":628892,"comment_status":"","ping_status":"","sticky":false,"template":"","format":"standard","meta":{"footnotes":""},"categories":[1411],"tags":[1154,207,59294,211,1011,27,60,210,212,208,213],"class_list":{"0":"post-628891","1":"post","2":"type-post","3":"status-publish","4":"format-standard","5":"has-post-thumbnail","7":"category-cyclisme","8":"tag-cycling","9":"tag-cyclisme","10":"tag-cyclo-cross","11":"tag-ffc","12":"tag-fr","13":"tag-france","14":"tag-sports","15":"tag-tour-de-france","16":"tag-uci","17":"tag-velo","18":"tag-world-tour"},"share_on_mastodon":{"url":"https:\/\/pubeurope.com\/@fr\/115806044400076607","error":""},"_links":{"self":[{"href":"https:\/\/www.europesays.com\/fr\/wp-json\/wp\/v2\/posts\/628891","targetHints":{"allow":["GET"]}}],"collection":[{"href":"https:\/\/www.europesays.com\/fr\/wp-json\/wp\/v2\/posts"}],"about":[{"href":"https:\/\/www.europesays.com\/fr\/wp-json\/wp\/v2\/types\/post"}],"author":[{"embeddable":true,"href":"https:\/\/www.europesays.com\/fr\/wp-json\/wp\/v2\/users\/2"}],"replies":[{"embeddable":true,"href":"https:\/\/www.europesays.com\/fr\/wp-json\/wp\/v2\/comments?post=628891"}],"version-history":[{"count":0,"href":"https:\/\/www.europesays.com\/fr\/wp-json\/wp\/v2\/posts\/628891\/revisions"}],"wp:featuredmedia":[{"embeddable":true,"href":"https:\/\/www.europesays.com\/fr\/wp-json\/wp\/v2\/media\/628892"}],"wp:attachment":[{"href":"https:\/\/www.europesays.com\/fr\/wp-json\/wp\/v2\/media?parent=628891"}],"wp:term":[{"taxonomy":"category","embeddable":true,"href":"https:\/\/www.europesays.com\/fr\/wp-json\/wp\/v2\/categories?post=628891"},{"taxonomy":"post_tag","embeddable":true,"href":"https:\/\/www.europesays.com\/fr\/wp-json\/wp\/v2\/tags?post=628891"}],"curies":[{"name":"wp","href":"https:\/\/api.w.org\/{rel}","templated":true}]}}