{"id":628899,"date":"2025-12-30T02:03:11","date_gmt":"2025-12-30T02:03:11","guid":{"rendered":"https:\/\/www.europesays.com\/fr\/628899\/"},"modified":"2025-12-30T02:03:11","modified_gmt":"2025-12-30T02:03:11","slug":"il-a-flingue-questions-pour-un-champion-quand-julien-lepers-regle-ses-comptes-avec-samuel-etienne","status":"publish","type":"post","link":"https:\/\/www.europesays.com\/fr\/628899\/","title":{"rendered":"\u00ab\u00a0Il a flingu\u00e9\u00a0\u00bb Questions pour un champion\u00a0: quand Julien Lepers r\u00e8gle ses comptes avec Samuel \u00c9tienne"},"content":{"rendered":"<p class=\"paragraph text_align_left lp-f-body-02\">La vengeance est un plat qui se mange froid. Julien Lepers a exprim\u00e9 son amertume concernant l\u2019\u00e9volution de l\u2019\u00e9mission \u00ab Questions pour un champion \u00bb et le r\u00f4le <a href=\"https:\/\/www.leparisien.fr\/culture-loisirs\/tv\/jai-pris-ma-liberte-samuel-etienne-annonce-ne-plus-etre-en-cdi-chez-france-televisions-18-04-2025-SRJ233N3EVCYNCJ2GFXPD4HOXY.php\" target=\"_blank\" rel=\"noreferrer noopener\">de son successeur, Samuel \u00c9tienne<\/a>.<\/p>\n<p class=\"\">Cette discussion a eu lieu avec l\u2019influenceur Kamasoumax dans un rendez-vous sur son compte Instagram en fin de semaine derni\u00e8re.<\/p>\n<p class=\"\">Dix ans apr\u00e8s son \u00e9viction, Lepers n\u2019a manifestement pas dig\u00e9r\u00e9 son d\u00e9part du jeu t\u00e9l\u00e9vis\u00e9 qu\u2019il a anim\u00e9 durant pr\u00e8s de trois d\u00e9cennies, de 1988 \u00e0 f\u00e9vrier 2016.<\/p>\n<p class=\"\">Bien que d\u00e9bout\u00e9 de sa demande d\u2019indemnit\u00e9s de 3,4 millions d\u2019euros aupr\u00e8s des prud\u2019hommes de Paris en 2020, puis en appel, il semble que Julien Lepers ait un autre motif d\u2019acrimonie. Il tient Samuel \u00c9tienne pour responsable de la perte de vitesse et surtout d\u2019audience de l\u2019\u00e9mission, qui, autrefois quotidienne, a \u00e9t\u00e9 rel\u00e9gu\u00e9e au week-end et serait m\u00eame menac\u00e9e d\u2019arr\u00eat.<\/p>\n<p>\u00ab Il anime le truc et \u00e7a s\u2019arr\u00eate \u00bb<\/p>\n<p class=\"\">\u00ab J\u2019apprends d\u2019ailleurs que Questions pour un champion va s\u2019arr\u00eater puisque \u00e7a n\u2019existe plus dans la semaine visiblement. Et de voir cette \u00e9mission que j\u2019ai cr\u00e9\u00e9e partir \u00e0 vau-l\u2019eau\u2026 \u00c7a me fait mal \u00bb, assure celui qui fut chanteur \u00e0 la fin des ann\u00e9es 1970.<\/p>\n<p class=\"\">\u00ab Moi je n\u2019y suis pour rien, je n\u2019y suis plus depuis quelques ann\u00e9es maintenant. C\u2019est un autre qui a pris ma place. Mais je m\u2019aper\u00e7ois qu\u2019il l\u2019a flingu\u00e9e, puisque \u00e7a s\u2019arr\u00eate \u00bb. Pour appuyer son propos, l\u2019ex star de l\u2019\u00e9mission et de France 3 a mis une deuxi\u00e8me couche \u00e0 sa vive critique de Samuel \u00c9tienne. \u00ab Il anime le truc et \u00e7a s\u2019arr\u00eate \u00bb, d\u00e9plore-t-il.<\/p>\n<p class=\"title-embed-dailymotion lp-color-text lp-f-subtitle-04\">Vid\u00e9oL&rsquo;\u00e9mission culte \u00ab Questions pour un champion \u00bb en danger apr\u00e8s 37 ans d&rsquo;existence<\/p>\n<p class=\"\">L\u2019animateur de 76 ans, qui a pr\u00e9sent\u00e9 un total de 8 310 num\u00e9ros de Questions pour un champion, a conclu en affirmant : \u00ab Je trouve que c\u2019est dommage de l\u2019arr\u00eater, cette \u00e9mission \u00bb. La seule chose sur laquelle il semble \u00eatre d\u2019accord avec son successeur.<\/p>\n","protected":false},"excerpt":{"rendered":"La vengeance est un plat qui se mange froid. Julien Lepers a exprim\u00e9 son amertume concernant l\u2019\u00e9volution de&hellip;\n","protected":false},"author":2,"featured_media":628900,"comment_status":"","ping_status":"","sticky":false,"template":"","format":"standard","meta":{"footnotes":""},"categories":[1356],"tags":[872,58,59,1011,27,252,2205,1364],"class_list":{"0":"post-628899","1":"post","2":"type-post","3":"status-publish","4":"format-standard","5":"has-post-thumbnail","7":"category-television","8":"tag-culture-et-loisirs","9":"tag-divertissement","10":"tag-entertainment","11":"tag-fr","12":"tag-france","13":"tag-television","14":"tag-television-medias","15":"tag-tv"},"share_on_mastodon":{"url":"https:\/\/pubeurope.com\/@fr\/115806064048203336","error":""},"_links":{"self":[{"href":"https:\/\/www.europesays.com\/fr\/wp-json\/wp\/v2\/posts\/628899","targetHints":{"allow":["GET"]}}],"collection":[{"href":"https:\/\/www.europesays.com\/fr\/wp-json\/wp\/v2\/posts"}],"about":[{"href":"https:\/\/www.europesays.com\/fr\/wp-json\/wp\/v2\/types\/post"}],"author":[{"embeddable":true,"href":"https:\/\/www.europesays.com\/fr\/wp-json\/wp\/v2\/users\/2"}],"replies":[{"embeddable":true,"href":"https:\/\/www.europesays.com\/fr\/wp-json\/wp\/v2\/comments?post=628899"}],"version-history":[{"count":0,"href":"https:\/\/www.europesays.com\/fr\/wp-json\/wp\/v2\/posts\/628899\/revisions"}],"wp:featuredmedia":[{"embeddable":true,"href":"https:\/\/www.europesays.com\/fr\/wp-json\/wp\/v2\/media\/628900"}],"wp:attachment":[{"href":"https:\/\/www.europesays.com\/fr\/wp-json\/wp\/v2\/media?parent=628899"}],"wp:term":[{"taxonomy":"category","embeddable":true,"href":"https:\/\/www.europesays.com\/fr\/wp-json\/wp\/v2\/categories?post=628899"},{"taxonomy":"post_tag","embeddable":true,"href":"https:\/\/www.europesays.com\/fr\/wp-json\/wp\/v2\/tags?post=628899"}],"curies":[{"name":"wp","href":"https:\/\/api.w.org\/{rel}","templated":true}]}}