{"id":628915,"date":"2025-12-30T02:11:20","date_gmt":"2025-12-30T02:11:20","guid":{"rendered":"https:\/\/www.europesays.com\/fr\/628915\/"},"modified":"2025-12-30T02:11:20","modified_gmt":"2025-12-30T02:11:20","slug":"letonnant-spectacle-du-volcan-etna-enneige-et-en-eruption","status":"publish","type":"post","link":"https:\/\/www.europesays.com\/fr\/628915\/","title":{"rendered":"L\u2019\u00e9tonnant spectacle du volcan Etna enneig\u00e9 et en \u00e9ruption"},"content":{"rendered":"<p>Culminant \u00e0 3.324 m\u00e8tres, l\u2019Etna <a href=\"https:\/\/www.20minutes.fr\/diaporama\/diaporama-4139833-images-incroyable-eruption-volcan-etna-enneige#d1200657\" class=\"c-link c-link--is-underlined\" target=\"_blank\" rel=\"noopener\">est entr\u00e9 r\u00e9guli\u00e8rement en \u00e9ruption<\/a> au cours des 500.000 derni\u00e8res ann\u00e9es. La derni\u00e8re fois, c\u2019\u00e9tait le 27\u00a0d\u00e9cembre dernier. Recouvert de neige, le plus grand <a href=\"https:\/\/www.20minutes.fr\/dossier\/volcan\" class=\"c-link c-link--is-underlined\" target=\"_blank\" rel=\"noopener\">volcan<\/a> actif d\u2019Europe, situ\u00e9 pr\u00e8s de Catane, en <a href=\"https:\/\/www.20minutes.fr\/dossier\/italie\" class=\"c-link c-link--is-underlined\" target=\"_blank\" rel=\"noopener\">Italie<\/a>, crache des flammes depuis deux jours. Pour le bonheur des photographes transalpins.<\/p>\n<\/p>\n<p>20 Minutes vous propose un petit voyage jusqu\u2019en <a href=\"https:\/\/www.20minutes.fr\/dossier\/sicile\" class=\"c-link c-link--is-underlined\" target=\"_blank\" rel=\"noopener\">Sicile<\/a> pour d\u00e9couvrir ces images de feu et de glace.<\/p>\n<p><img decoding=\"async\" alt=\"L'Etna, le 29 d\u00e9cembre 2025.\" class=\"c-img\" loading=\"lazy\" fetchpriority=\"auto\" width=\"718\"  src=\"https:\/\/img.20mn.fr\/HYwEhZYNSuWTGFAMw8id3Ck\/718x0\" \/>L&rsquo;Etna, le 29 d\u00e9cembre 2025.\u2002-\u00a0Salvatore Allegra <\/p>\n<p>Bien que d\u2019intensit\u00e9 moindre, les explosions sont continues et s\u2019\u00e9l\u00e8vent \u00e0 une centaine de m\u00e8tres au-dessus du rebord du crat\u00e8re.<\/p>\n<p><img decoding=\"async\" alt=\"L'Etna, le 29 d\u00e9cembre 2025.\" class=\"c-img\" loading=\"lazy\" fetchpriority=\"auto\" width=\"718\"  src=\"https:\/\/img.20mn.fr\/Xw4YivKgQlSnQvfAzTgtnSk\/718x0\" \/>L&rsquo;Etna, le 29 d\u00e9cembre 2025.\u2002-\u00a0Salvatore Allegra <\/p>\n<p>Les panaches de cendres et de vapeur persistent, formant une colonne permanente au-dessus des crat\u00e8res sommitaux, qui se d\u00e9place au gr\u00e9 des vents. La situation \u00e9volue constamment.<\/p>\n<p><img decoding=\"async\" alt=\"L'Etna, le 29 d\u00e9cembre 2025.\" class=\"c-img\" loading=\"lazy\" fetchpriority=\"auto\" width=\"718\"  src=\"https:\/\/img.20mn.fr\/HbTAbxcUSxKtK5xpwU_FKyk\/718x0\" \/>L&rsquo;Etna, le 29 d\u00e9cembre 2025.\u2002-\u00a0Salvatore Allegra <\/p>\n<p>L\u2019a\u00e9roport international de Catane reste ouvert, mais le niveau d\u2019alerte de l\u2019Observatoire volcanologique pour l\u2019aviation demeure rouge en raison des possibles changements d\u2019activit\u00e9 du volcan et des \u00e9missions de cendres dans l\u2019atmosph\u00e8re.<\/p>\n<p><img decoding=\"async\" alt=\"L'Etna, le 27 d\u00e9cembre 2025.\" class=\"c-img\" loading=\"lazy\" fetchpriority=\"auto\" width=\"718\"  src=\"https:\/\/img.20mn.fr\/xL_yW9METz6RpHLjO3Vskik\/718x0\" \/>L&rsquo;Etna, le 27 d\u00e9cembre 2025.\u2002-\u00a0Salvatore Allegra<\/p>\n<p>L\u2019\u00e9ruption a produit des fontaines de lave atteignant 400 m\u00e8tres de hauteur et une \u00e9paisse colonne de cendres. Une nouvelle fissure s\u2019est ouverte sur le flanc est du crat\u00e8re Voragine, qui reste actif tandis que le ph\u00e9nom\u00e8ne continue d\u2019\u00e9voluer.<\/p>\n","protected":false},"excerpt":{"rendered":"Culminant \u00e0 3.324 m\u00e8tres, l\u2019Etna est entr\u00e9 r\u00e9guli\u00e8rement en \u00e9ruption au cours des 500.000 derni\u00e8res ann\u00e9es. La derni\u00e8re&hellip;\n","protected":false},"author":2,"featured_media":628916,"comment_status":"","ping_status":"","sticky":false,"template":"","format":"standard","meta":{"footnotes":""},"categories":[5],"tags":[47,11,1011,27,14,452,74,10584,12,43060,20275,28],"class_list":{"0":"post-628915","1":"post","2":"type-post","3":"status-publish","4":"format-standard","5":"has-post-thumbnail","7":"category-international","8":"tag-actualite","9":"tag-actualites","10":"tag-fr","11":"tag-france","12":"tag-international","13":"tag-italie","14":"tag-monde","15":"tag-neige","16":"tag-news","17":"tag-sicile","18":"tag-volcan","19":"tag-world"},"share_on_mastodon":{"url":"https:\/\/pubeurope.com\/@fr\/115806095670681365","error":""},"_links":{"self":[{"href":"https:\/\/www.europesays.com\/fr\/wp-json\/wp\/v2\/posts\/628915","targetHints":{"allow":["GET"]}}],"collection":[{"href":"https:\/\/www.europesays.com\/fr\/wp-json\/wp\/v2\/posts"}],"about":[{"href":"https:\/\/www.europesays.com\/fr\/wp-json\/wp\/v2\/types\/post"}],"author":[{"embeddable":true,"href":"https:\/\/www.europesays.com\/fr\/wp-json\/wp\/v2\/users\/2"}],"replies":[{"embeddable":true,"href":"https:\/\/www.europesays.com\/fr\/wp-json\/wp\/v2\/comments?post=628915"}],"version-history":[{"count":0,"href":"https:\/\/www.europesays.com\/fr\/wp-json\/wp\/v2\/posts\/628915\/revisions"}],"wp:featuredmedia":[{"embeddable":true,"href":"https:\/\/www.europesays.com\/fr\/wp-json\/wp\/v2\/media\/628916"}],"wp:attachment":[{"href":"https:\/\/www.europesays.com\/fr\/wp-json\/wp\/v2\/media?parent=628915"}],"wp:term":[{"taxonomy":"category","embeddable":true,"href":"https:\/\/www.europesays.com\/fr\/wp-json\/wp\/v2\/categories?post=628915"},{"taxonomy":"post_tag","embeddable":true,"href":"https:\/\/www.europesays.com\/fr\/wp-json\/wp\/v2\/tags?post=628915"}],"curies":[{"name":"wp","href":"https:\/\/api.w.org\/{rel}","templated":true}]}}