{"id":628925,"date":"2025-12-30T02:19:21","date_gmt":"2025-12-30T02:19:21","guid":{"rendered":"https:\/\/www.europesays.com\/fr\/628925\/"},"modified":"2025-12-30T02:19:21","modified_gmt":"2025-12-30T02:19:21","slug":"l-arnaqueuse-spectacle-humour-a-nancy","status":"publish","type":"post","link":"https:\/\/www.europesays.com\/fr\/628925\/","title":{"rendered":"L arnaqueuse : Spectacle Humour a Nancy"},"content":{"rendered":"<p>\t\t\t\t\t\t\t\t\t<a href=\"https:\/\/www.estrepublicain.fr\/pour-sortir\/loisirs\/Spectacle-theatre-conte\/Humour\/Lorraine\/Meurthe-et-moselle\/Nancy\/2026\/01\/17\/javascript:history.back();\" rel=\"nofollow noopener\" class=\"backToSearch\" target=\"_blank\">Retour \u00e0 la recherche<\/a><\/p>\n<p class=\"media-desc\" itemprop=\"description\">&#13;<br \/>\n\t\t\t\t\tLa nouvelle com\u00e9die de Thom Trondel, entre \u00ab\u00a0Pretty Woman\u00a0\u00bb et le \u00ab\u00a0D\u00eener de Cons\u00a0\u00bb. Quand Luc, \u00e0 la recherche du grand amour, rencontre Clara, love coach s\u00e9ductrice et un brin malhonn\u00eate, rien ne se passe comme pr\u00e9vu !&#13;<br \/>\n\t\t\t\t\t\t\t\t\t\t\t&#13;<br \/>\n\t\t\t\t\t\t\t\t\t\tEntre un d\u00eener d\u00e9jant\u00e9 dans un grand restaurant, une le\u00e7on de drague hilarante, un accident de bilboquet, des allergies multiples ou encore une sc\u00e8ne de danse mythique&#8230; Trouver l&rsquo;amour n&rsquo;est pas si simple, surtout lorsqu&rsquo;on a affaire \u00e0 une arnaqueuse !<\/p>\n<p>A la fin du spectacle, les spectateurs le disent : cette pi\u00e8ce est tout sauf une arnaque !&#13;\n\t\t\t\t  <\/p>\n","protected":false},"excerpt":{"rendered":"Retour \u00e0 la recherche &#13; La nouvelle com\u00e9die de Thom Trondel, entre \u00ab\u00a0Pretty Woman\u00a0\u00bb et le \u00ab\u00a0D\u00eener de&hellip;\n","protected":false},"author":2,"featured_media":628926,"comment_status":"","ping_status":"","sticky":false,"template":"","format":"standard","meta":{"footnotes":""},"categories":[9635],"tags":[1111,11,1777,674,1011,27,775,1702,12,25],"class_list":{"0":"post-628925","1":"post","2":"type-post","3":"status-publish","4":"format-standard","5":"has-post-thumbnail","7":"category-nancy","8":"tag-actu","9":"tag-actualites","10":"tag-eu","11":"tag-europe","12":"tag-fr","13":"tag-france","14":"tag-grand-est","15":"tag-nancy","16":"tag-news","17":"tag-republique-francaise"},"share_on_mastodon":{"url":"https:\/\/pubeurope.com\/@fr\/115806126910554195","error":""},"_links":{"self":[{"href":"https:\/\/www.europesays.com\/fr\/wp-json\/wp\/v2\/posts\/628925","targetHints":{"allow":["GET"]}}],"collection":[{"href":"https:\/\/www.europesays.com\/fr\/wp-json\/wp\/v2\/posts"}],"about":[{"href":"https:\/\/www.europesays.com\/fr\/wp-json\/wp\/v2\/types\/post"}],"author":[{"embeddable":true,"href":"https:\/\/www.europesays.com\/fr\/wp-json\/wp\/v2\/users\/2"}],"replies":[{"embeddable":true,"href":"https:\/\/www.europesays.com\/fr\/wp-json\/wp\/v2\/comments?post=628925"}],"version-history":[{"count":0,"href":"https:\/\/www.europesays.com\/fr\/wp-json\/wp\/v2\/posts\/628925\/revisions"}],"wp:featuredmedia":[{"embeddable":true,"href":"https:\/\/www.europesays.com\/fr\/wp-json\/wp\/v2\/media\/628926"}],"wp:attachment":[{"href":"https:\/\/www.europesays.com\/fr\/wp-json\/wp\/v2\/media?parent=628925"}],"wp:term":[{"taxonomy":"category","embeddable":true,"href":"https:\/\/www.europesays.com\/fr\/wp-json\/wp\/v2\/categories?post=628925"},{"taxonomy":"post_tag","embeddable":true,"href":"https:\/\/www.europesays.com\/fr\/wp-json\/wp\/v2\/tags?post=628925"}],"curies":[{"name":"wp","href":"https:\/\/api.w.org\/{rel}","templated":true}]}}